{"id":1565,"date":"2026-02-12T12:37:54","date_gmt":"2026-02-12T12:37:54","guid":{"rendered":"https:\/\/eskigazeteci.com\/?p=1565"},"modified":"2026-02-12T12:37:54","modified_gmt":"2026-02-12T12:37:54","slug":"baska-kadinlarla-iliski-yasiyor-demisti","status":"publish","type":"post","link":"https:\/\/eskigazeteci.com\/?p=1565","title":{"rendered":"&#8216;Ba\u015fka kad\u0131nlarla ili\u015fki ya\u015f\u0131yor&#8217; demi\u015fti"},"content":{"rendered":"<p>Karam\u00fcrsel-\u0130zmit seferini yapan \u00f6zel halk otob\u00fcs\u00fcnde 9 Ekim 2024&#x27;te meydana gelen olayda, 4 Temmuz Mahallesi mevkiinde araca binen Volkan Aksal (41), ye\u011feniyle evli olan Enes Yi\u011fit Toraman&#x27;a (29) b\u0131\u00e7akla sald\u0131rm\u0131\u015ft\u0131. Toraman&#x27;\u0131 defalarca b\u0131\u00e7aklayan zanl\u0131, cinayetin ard\u0131ndan arka kap\u0131dan inerek ka\u00e7m\u0131\u015ft\u0131. Hastaneye kald\u0131r\u0131lan Toraman, t\u00fcm m\u00fcdahalelere ra\u011fmen kurtar\u0131lamam\u0131\u015ft\u0131. Ka\u00e7an \u015fahs\u0131 yakalamak i\u00e7in harekete ge\u00e7en polis ekipleri, Volkan A.&#x27;y\u0131 ba\u015fka bir otob\u00fcsle \u0130zmit&#x27;e giderken G\u00f6lc\u00fck&#x27;te yakalam\u0131\u015ft\u0131. Haz\u0131rlanan iddianamede maktul\u00fcn v\u00fccudunda kalbi ba\u015fta olmak \u00fczere 15 b\u0131\u00e7ak darbesi bulundu\u011fu belirtilmi\u015fti.<\/p>\n<p>Toraman&#x27;\u0131n san\u0131\u011f\u0131n ye\u011feniyle ka\u00e7arak evlendi\u011fi, aileler aras\u0131nda ba\u015flayan husumetin daha sonra bar\u0131\u015fla sonu\u00e7land\u0131\u011f\u0131 ve \u00e7iftin bir bebeklerinin oldu\u011fu \u00f6\u011frenilmi\u015fti.<\/p>\n<p>KARAR A\u00c7IKLANDI<\/p>\n<p>Kocaeli 4. A\u011f\u0131r Ceza Mahkemesi&#x27;nde g\u00f6r\u00fclen duru\u015fmaya, tutuklu san\u0131k Volkan Aksal, taraf avukatlar\u0131 ve maktul Enes Yi\u011fit Toraman&#x27;\u0131n ailesi kat\u0131ld\u0131. Duru\u015fmada son s\u00f6z\u00fc sorulan san\u0131k Aksal, &quot;S\u00f6yleyecek bir \u015feyim yoktur&quot; ifadesini kulland\u0131.<\/p>\n<p>Karar\u0131n\u0131 a\u00e7\u0131klayan mahkeme heyeti, san\u0131\u011f\u0131n &quot;kasten \u00f6ld\u00fcrme&quot; su\u00e7unu i\u015fledi\u011finin sabit oldu\u011funa h\u00fckmederek, Aksal&#x27;\u0131 m\u00fcebbet hapis cezas\u0131na \u00e7arpt\u0131rd\u0131. Heyet, san\u0131k&#8230;<\/p>\n","protected":false},"excerpt":{"rendered":"<p>Kocaeli&#8217;de ye\u011feniyle ka\u00e7arak evlenen genci \u00f6zel halk otob\u00fcs\u00fcnde yolcular\u0131n g\u00f6z\u00fc \u00f6n\u00fcnde defalarca b\u0131\u00e7aklayarak \u00f6ld\u00fcren san\u0131k, m\u00fcebbet hapis cezas\u0131na&#8230;<\/p>\n","protected":false},"author":2,"featured_media":1564,"comment_status":"open","ping_status":"open","sticky":false,"template":"","format":"standard","meta":{"footnotes":""},"categories":[8,6,5],"tags":[],"class_list":["post-1565","post","type-post","status-publish","format-standard","has-post-thumbnail","hentry","category-arsiv","category-gundem","category-son-dakika"],"_links":{"self":[{"href":"https:\/\/eskigazeteci.com\/index.php?rest_route=\/wp\/v2\/posts\/1565","targetHints":{"allow":["GET"]}}],"collection":[{"href":"https:\/\/eskigazeteci.com\/index.php?rest_route=\/wp\/v2\/posts"}],"about":[{"href":"https:\/\/eskigazeteci.com\/index.php?rest_route=\/wp\/v2\/types\/post"}],"author":[{"embeddable":true,"href":"https:\/\/eskigazeteci.com\/index.php?rest_route=\/wp\/v2\/users\/2"}],"replies":[{"embeddable":true,"href":"https:\/\/eskigazeteci.com\/index.php?rest_route=%2Fwp%2Fv2%2Fcomments&post=1565"}],"version-history":[{"count":0,"href":"https:\/\/eskigazeteci.com\/index.php?rest_route=\/wp\/v2\/posts\/1565\/revisions"}],"wp:featuredmedia":[{"embeddable":true,"href":"https:\/\/eskigazeteci.com\/index.php?rest_route=\/wp\/v2\/media\/1564"}],"wp:attachment":[{"href":"https:\/\/eskigazeteci.com\/index.php?rest_route=%2Fwp%2Fv2%2Fmedia&parent=1565"}],"wp:term":[{"taxonomy":"category","embeddable":true,"href":"https:\/\/eskigazeteci.com\/index.php?rest_route=%2Fwp%2Fv2%2Fcategories&post=1565"},{"taxonomy":"post_tag","embeddable":true,"href":"https:\/\/eskigazeteci.com\/index.php?rest_route=%2Fwp%2Fv2%2Ftags&post=1565"}],"curies":[{"name":"wp","href":"https:\/\/api.w.org\/{rel}","templated":true}]}}