{"id":1563,"date":"2026-02-12T12:36:22","date_gmt":"2026-02-12T12:36:22","guid":{"rendered":"https:\/\/eskigazeteci.com\/?p=1563"},"modified":"2026-02-12T12:36:22","modified_gmt":"2026-02-12T12:36:22","slug":"avrupaya-kotu-haber-ukrayna-gecisi-askiya-aldi","status":"publish","type":"post","link":"https:\/\/eskigazeteci.com\/?p=1563","title":{"rendered":"Avrupa&#8217;ya k\u00f6t\u00fc haber: Ukrayna ge\u00e7i\u015fi ask\u0131ya ald\u0131"},"content":{"rendered":"<p>Rusya\u2019n\u0131n Ukrayna\u2019ya y\u00f6nelik sald\u0131r\u0131lar\u0131 altyap\u0131da hasara neden oluyor. Ukrayna D\u0131\u015fi\u015fleri Bakan\u0131 Andrii Sybiha, Rusya&#x27;n\u0131n sald\u0131r\u0131s\u0131 nedeniyle 27 Ocak\u2019tan itibaren Druzhba petrol boru hatt\u0131n\u0131n Ukrayna\u2019daki b\u00f6l\u00fcm\u00fcnden Do\u011fu Avrupa\u2019ya Rus petrol\u00fc ge\u00e7i\u015finin ask\u0131ya al\u0131nd\u0131\u011f\u0131n\u0131 duyurdu.<\/p>\n<p>Sybiha sosyal medya hesab\u0131ndan yapt\u0131\u011f\u0131 a\u00e7\u0131klamada, &quot;Biliyoruz ki Macar taraf\u0131, Druzhba boru hatt\u0131 \u00fczerinden Rus petrol\u00fc ge\u00e7i\u015finde ya\u015fanan sorunlar nedeniyle tekrar \u015fikayet etmeye haz\u0131rlan\u0131yor. Onlara tek tavsiyemiz, bu foto\u011fraflarla Moskova\u2019daki dostlar\u0131na gitmeleri olur. 27 Ocak\u2019taki son hedefli Rus sald\u0131r\u0131s\u0131n\u0131n ard\u0131ndan Druzhba boru hatt\u0131 altyap\u0131s\u0131n\u0131n yanmas\u0131 ve petrol ge\u00e7i\u015finin durmas\u0131. Bu arada Macaristan, bunun i\u00e7in Rusya\u2019ya hi\u00e7bir protesto yapmad\u0131. Hatta Rusya kelimesini bile telaffuz edemediler. \u00c7ifte standard\u0131n en g\u00fczel \u00f6rne\u011fi&quot; dedi. &quot;ONLARA G\u00d6ZLER\u0130N\u0130 A\u00c7MALARINI \u00d6NER\u0130YORUZ&quot;<\/p>\n<p>Rusya\u2019n\u0131n Ukrayna\u2019ya sald\u0131r\u0131lar\u0131 ba\u015flatt\u0131\u011f\u0131 andan itibaren g\u00fcvenilir bir tedarik\u00e7i olmay\u0131 b\u0131rakt\u0131\u011f\u0131na vurgu yapan Sybiha, &quot;Bu sald\u0131r\u0131 t\u00fcm sorunlar\u0131n kayna\u011f\u0131. Ne yaz\u0131k ki y\u0131llard\u0131r s\u00fcren bu ger\u00e7ek Orban h\u00fck\u00fcmeti i\u00e7in yeterli olmad\u0131; hala bunu anlamad\u0131lar ve tedarik kaynaklar\u0131n\u0131 \u00e7e\u015fitlendirmediler. Onlara g\u00f6zlerini a\u00e7malar\u0131n\u0131&#8230;<\/p>\n","protected":false},"excerpt":{"rendered":"<p>Ukrayna D\u0131\u015fi\u015fleri Bakan\u0131 Andrii Sybiha, Rusya&#8217;n\u0131n sald\u0131r\u0131s\u0131 nedeniyle 27 Ocak\u2019tan itibaren Druzhba petrol boru hatt\u0131n\u0131n Ukrayna\u2019daki b\u00f6l\u00fcm\u00fcnden Do\u011fu&#8230;<\/p>\n","protected":false},"author":2,"featured_media":1562,"comment_status":"open","ping_status":"open","sticky":false,"template":"","format":"standard","meta":{"footnotes":""},"categories":[8,6,5],"tags":[],"class_list":["post-1563","post","type-post","status-publish","format-standard","has-post-thumbnail","hentry","category-arsiv","category-gundem","category-son-dakika"],"_links":{"self":[{"href":"https:\/\/eskigazeteci.com\/index.php?rest_route=\/wp\/v2\/posts\/1563","targetHints":{"allow":["GET"]}}],"collection":[{"href":"https:\/\/eskigazeteci.com\/index.php?rest_route=\/wp\/v2\/posts"}],"about":[{"href":"https:\/\/eskigazeteci.com\/index.php?rest_route=\/wp\/v2\/types\/post"}],"author":[{"embeddable":true,"href":"https:\/\/eskigazeteci.com\/index.php?rest_route=\/wp\/v2\/users\/2"}],"replies":[{"embeddable":true,"href":"https:\/\/eskigazeteci.com\/index.php?rest_route=%2Fwp%2Fv2%2Fcomments&post=1563"}],"version-history":[{"count":0,"href":"https:\/\/eskigazeteci.com\/index.php?rest_route=\/wp\/v2\/posts\/1563\/revisions"}],"wp:featuredmedia":[{"embeddable":true,"href":"https:\/\/eskigazeteci.com\/index.php?rest_route=\/wp\/v2\/media\/1562"}],"wp:attachment":[{"href":"https:\/\/eskigazeteci.com\/index.php?rest_route=%2Fwp%2Fv2%2Fmedia&parent=1563"}],"wp:term":[{"taxonomy":"category","embeddable":true,"href":"https:\/\/eskigazeteci.com\/index.php?rest_route=%2Fwp%2Fv2%2Fcategories&post=1563"},{"taxonomy":"post_tag","embeddable":true,"href":"https:\/\/eskigazeteci.com\/index.php?rest_route=%2Fwp%2Fv2%2Ftags&post=1563"}],"curies":[{"name":"wp","href":"https:\/\/api.w.org\/{rel}","templated":true}]}}