{"id":1561,"date":"2026-02-12T12:30:58","date_gmt":"2026-02-12T12:30:58","guid":{"rendered":"https:\/\/eskigazeteci.com\/?p=1561"},"modified":"2026-02-12T12:30:58","modified_gmt":"2026-02-12T12:30:58","slug":"balikesirde-depo-yangini-ekipler-mudahale-ediyor","status":"publish","type":"post","link":"https:\/\/eskigazeteci.com\/?p=1561","title":{"rendered":"Bal\u0131kesir&#8217;de depo yang\u0131n\u0131: Ekipler m\u00fcdahale ediyor"},"content":{"rendered":"<p>Alt\u0131eyl\u00fcl il\u00e7esi Kepsut Caddesi&#x27;ndeki bir yap\u0131 marketin deposunda, \u00f6\u011fle saatlerinde hen\u00fcz belirlenemeyen nedenle yang\u0131n \u00e7\u0131kt\u0131.<\/p>\n<p>Alevler k\u0131sa s\u00fcrede depoyu sard\u0131, siyah duman g\u00f6ky\u00fcz\u00fcn\u00fc kaplad\u0131. \u0130hbarla b\u00f6lgeye \u00e7ok say\u0131da itfaiye ekibi sevk edildi. Ekiplerin alevlere m\u00fcdahalesi s\u00fcr\u00fcyor.<\/p>\n<p>Ayr\u0131nt\u0131lar Geliyor&#8230;<\/p>\n<p>T\u00fcrkiye g\u00fcndeminden son dakika haberleri, bug\u00fcn ya\u015fanan en son geli\u015fmeler, siyaset g\u00fcndeminden g\u00fcncel haberler ve b\u00fct\u00fcn son dakika haberleri i\u00e7in H\u00fcrriyet&#x27;in internet haber sitesi hurriyet.com.tr; Hurriyet.com.tr haber i\u00e7erikleri kaynak g\u00f6sterilmeden al\u0131nt\u0131 yap\u0131lamaz, Kanuna ayk\u0131r\u0131 ve izinsiz olarak kopyalanamaz, ba\u015fka yerde yay\u0131nlanamaz.<\/p>\n","protected":false},"excerpt":{"rendered":"<p>Bal\u0131kesir&#8217;de bir yap\u0131 marketin deposunda yang\u0131n \u00e7\u0131kt\u0131. B\u00f6lgeye sevk edilen ekipler, yang\u0131na m\u00fcdahale ediyor.<\/p>\n","protected":false},"author":2,"featured_media":1560,"comment_status":"open","ping_status":"open","sticky":false,"template":"","format":"standard","meta":{"footnotes":""},"categories":[8,6,5],"tags":[],"class_list":["post-1561","post","type-post","status-publish","format-standard","has-post-thumbnail","hentry","category-arsiv","category-gundem","category-son-dakika"],"_links":{"self":[{"href":"https:\/\/eskigazeteci.com\/index.php?rest_route=\/wp\/v2\/posts\/1561","targetHints":{"allow":["GET"]}}],"collection":[{"href":"https:\/\/eskigazeteci.com\/index.php?rest_route=\/wp\/v2\/posts"}],"about":[{"href":"https:\/\/eskigazeteci.com\/index.php?rest_route=\/wp\/v2\/types\/post"}],"author":[{"embeddable":true,"href":"https:\/\/eskigazeteci.com\/index.php?rest_route=\/wp\/v2\/users\/2"}],"replies":[{"embeddable":true,"href":"https:\/\/eskigazeteci.com\/index.php?rest_route=%2Fwp%2Fv2%2Fcomments&post=1561"}],"version-history":[{"count":0,"href":"https:\/\/eskigazeteci.com\/index.php?rest_route=\/wp\/v2\/posts\/1561\/revisions"}],"wp:featuredmedia":[{"embeddable":true,"href":"https:\/\/eskigazeteci.com\/index.php?rest_route=\/wp\/v2\/media\/1560"}],"wp:attachment":[{"href":"https:\/\/eskigazeteci.com\/index.php?rest_route=%2Fwp%2Fv2%2Fmedia&parent=1561"}],"wp:term":[{"taxonomy":"category","embeddable":true,"href":"https:\/\/eskigazeteci.com\/index.php?rest_route=%2Fwp%2Fv2%2Fcategories&post=1561"},{"taxonomy":"post_tag","embeddable":true,"href":"https:\/\/eskigazeteci.com\/index.php?rest_route=%2Fwp%2Fv2%2Ftags&post=1561"}],"curies":[{"name":"wp","href":"https:\/\/api.w.org\/{rel}","templated":true}]}}