{"id":1559,"date":"2026-02-12T12:29:26","date_gmt":"2026-02-12T12:29:26","guid":{"rendered":"https:\/\/eskigazeteci.com\/?p=1559"},"modified":"2026-02-12T12:29:26","modified_gmt":"2026-02-12T12:29:26","slug":"ukrayna-2-ayda-65-bin-rus-askerini-oldurduk","status":"publish","type":"post","link":"https:\/\/eskigazeteci.com\/?p=1559","title":{"rendered":"Ukrayna: 2 ayda 65 bin Rus askerini \u00f6ld\u00fcrd\u00fck"},"content":{"rendered":"<p>14 Ocak&#x27;ta g\u00f6reve gelen Fedorov, ilk kez kat\u0131ld\u0131\u011f\u0131 NATO Savunma Bakanlar\u0131 Toplant\u0131s\u0131 kapsam\u0131nda, Genel Sekreter Mark Rutte ile bas\u0131na a\u00e7\u0131klamada bulundu.<\/p>\n<p>&quot;Rusya&#x27;n\u0131n bizi sahada yenemeyece\u011fini g\u00f6r\u00fcyoruz.&quot; diyen Fedorov, bu nedenle sivil halk ile sivil ve kritik altyap\u0131n\u0131n hedef al\u0131nd\u0131\u011f\u0131n\u0131 s\u00f6yledi.<\/p>\n<p>Rusya&#x27;n\u0131n en az 24 balistik f\u00fcze f\u0131rlatt\u0131\u011f\u0131n\u0131 ifade eden Fedorov, NATO m\u00fcttefiklerinin verdi\u011fi deste\u011fin \u00e7ok \u00f6nemli oldu\u011funu vurgulad\u0131.<\/p>\n<p>Ukrayna Savunma Bakan\u0131 Mykhailo Fedorov<\/p>\n<p>&#x27;DESTE\u011e\u0130N\u0130Z \u0130\u00c7\u0130N TE\u015eEKK\u00dcR EDER\u0130Z&#x27;<\/p>\n<p>2026 vizyonunu NATO-Ukrayna Konseyi toplant\u0131s\u0131nda bug\u00fcn sunacaklar\u0131n\u0131 bildiren Fedorov, &quot;San\u0131r\u0131m bug\u00fcn ortaklar\u0131m\u0131zdan destek alaca\u011f\u0131z ve deste\u011finiz i\u00e7in te\u015fekk\u00fcr ederiz.&quot; ifadelerini kulland\u0131.<\/p>\n<p>Rutte de Fedorov&#x27;un \u00f6nceki g\u00f6revinde edindi\u011fi yenilik\u00e7i teknolojiler alan\u0131ndaki tecr\u00fcbeleri savunma alan\u0131na aktaracak olmas\u0131ndan memnuniyet duydu\u011funu dile getirdi.<\/p>\n<p>Fedorov, &quot;Rusya ile sava\u015fmaya devam ediyoruz ve hakl\u0131s\u0131n\u0131z, stratejimiz i\u015fe yar\u0131yor. Aral\u0131k (2025) ay\u0131nda 35 bin, ocak ay\u0131nda 30 bin Rus&#x27;u etkisiz hale getirdik.&quot; dedi.<\/p>\n<p>RUTTE&#x27;DEN UKRAYNA DE\u011eERLEND\u0130RMES\u0130<\/p>\n<p>Fedorov&#x27;a NATO&#x27;nun e\u011fitim ve silah tedariki konusunda Ukrayna&#x27;n\u0131n yan\u0131nda olaca\u011f\u0131n\u0131 iletti\u011fini belirten Rutte, &quot;NATO&#8230;<\/p>\n","protected":false},"excerpt":{"rendered":"<p>Ukrayna&#8217;n\u0131n yeni Savunma Bakan\u0131 Mykhailo Fedorov, Rusya&#8217;n\u0131n sahada zafer elde edemeyece\u011fini, son iki ayda toplam 65 bin Rus askerini etkisiz hale&#8230;<\/p>\n","protected":false},"author":2,"featured_media":1558,"comment_status":"open","ping_status":"open","sticky":false,"template":"","format":"standard","meta":{"footnotes":""},"categories":[8,6,5],"tags":[],"class_list":["post-1559","post","type-post","status-publish","format-standard","has-post-thumbnail","hentry","category-arsiv","category-gundem","category-son-dakika"],"_links":{"self":[{"href":"https:\/\/eskigazeteci.com\/index.php?rest_route=\/wp\/v2\/posts\/1559","targetHints":{"allow":["GET"]}}],"collection":[{"href":"https:\/\/eskigazeteci.com\/index.php?rest_route=\/wp\/v2\/posts"}],"about":[{"href":"https:\/\/eskigazeteci.com\/index.php?rest_route=\/wp\/v2\/types\/post"}],"author":[{"embeddable":true,"href":"https:\/\/eskigazeteci.com\/index.php?rest_route=\/wp\/v2\/users\/2"}],"replies":[{"embeddable":true,"href":"https:\/\/eskigazeteci.com\/index.php?rest_route=%2Fwp%2Fv2%2Fcomments&post=1559"}],"version-history":[{"count":0,"href":"https:\/\/eskigazeteci.com\/index.php?rest_route=\/wp\/v2\/posts\/1559\/revisions"}],"wp:featuredmedia":[{"embeddable":true,"href":"https:\/\/eskigazeteci.com\/index.php?rest_route=\/wp\/v2\/media\/1558"}],"wp:attachment":[{"href":"https:\/\/eskigazeteci.com\/index.php?rest_route=%2Fwp%2Fv2%2Fmedia&parent=1559"}],"wp:term":[{"taxonomy":"category","embeddable":true,"href":"https:\/\/eskigazeteci.com\/index.php?rest_route=%2Fwp%2Fv2%2Fcategories&post=1559"},{"taxonomy":"post_tag","embeddable":true,"href":"https:\/\/eskigazeteci.com\/index.php?rest_route=%2Fwp%2Fv2%2Ftags&post=1559"}],"curies":[{"name":"wp","href":"https:\/\/api.w.org\/{rel}","templated":true}]}}