{"id":1555,"date":"2026-02-12T12:26:21","date_gmt":"2026-02-12T12:26:21","guid":{"rendered":"https:\/\/eskigazeteci.com\/?p=1555"},"modified":"2026-02-12T12:26:21","modified_gmt":"2026-02-12T12:26:21","slug":"kanbolat-gorkem-arslana-veda-gunu","status":"publish","type":"post","link":"https:\/\/eskigazeteci.com\/?p=1555","title":{"rendered":"Kanbolat G\u00f6rkem Arslan&#8217;a veda g\u00fcn\u00fc"},"content":{"rendered":"<p>Kanbolat G\u00f6rkem Arslan\u2019\u0131n cenazesi bug\u00fcn Zincirlikuyu Camisi\u2019nde ikindi namaz\u0131na m\u00fcteakip k\u0131l\u0131nacak cenaze namaz\u0131n\u0131n ard\u0131ndan Zincirlikuyu Mezarl\u0131\u011f\u0131\u2019na defnedilecek.<\/p>\n<p>Kanbolat G\u00f6rkem Arslan , \u201c\u00c7emberimde G\u00fcl Oya\u201d, \u201cPoyraz Karayel\u201d, \u201cMuhte\u015fem Y\u00fczy\u0131l\u201d, \u201cHayat Bazen Tatl\u0131d\u0131r\u201d, \u201cKurulu\u015f Osman\u201d ve \u201cTatar Ramazan\u201d\u0131n da aralar\u0131nda bulundu\u011fu \u00e7ok say\u0131da dizi ve filmde rol ald\u0131. Arslan, son d\u00f6nemde \u201cRuki \u00c7ingene Boks\u00f6r\u201d adl\u0131 tiyatro oyunu ile sahneye \u00e7\u0131k\u0131yordu. D\u00fczce\u2019de do\u011fan oyuncu, Hacettepe \u00dcniversitesi Devlet Konservatuvar\u0131 Tiyatro B\u00f6l\u00fcm\u00fc\u2019nden mezun oldu.<\/p>\n<p>Hicran Ak\u0131n, e\u015finin do\u011fum g\u00fcn\u00fcn\u00fc bu foto\u011frafla kutlam\u0131\u015ft\u0131&#8230;<\/p>\n<p>T\u00fcrkiye&#x27;den ve D\u00fcnya\u2019dan son dakika haberleri, k\u00f6\u015fe yaz\u0131lar\u0131, magazinden siyasete, spordan seyahate b\u00fct\u00fcn konular\u0131n tek adresi Hurriyet.com.tr haber i\u00e7erikleri izin al\u0131nmadan, kaynak g\u00f6sterilerek dahi iktibas edilemez. Kanuna ayk\u0131r\u0131 ve izinsiz olarak kopyalanamaz, ba\u015fka yerde yay\u0131nlanamaz.<\/p>\n","protected":false},"excerpt":{"rendered":"<p>KanbolatG\u00f6rkem Arslan, gece yar\u0131s\u0131 Taksim Cihangir\u2019deki evinde rahats\u0131zland\u0131. \u0130lk m\u00fcdahalesi evde yap\u0131lan oyuncu, ambulansla Taksim E\u011fitim ve Ara\u015ft\u0131rma&#8230;<\/p>\n","protected":false},"author":2,"featured_media":1554,"comment_status":"open","ping_status":"open","sticky":false,"template":"","format":"standard","meta":{"footnotes":""},"categories":[8,6,5],"tags":[],"class_list":["post-1555","post","type-post","status-publish","format-standard","has-post-thumbnail","hentry","category-arsiv","category-gundem","category-son-dakika"],"_links":{"self":[{"href":"https:\/\/eskigazeteci.com\/index.php?rest_route=\/wp\/v2\/posts\/1555","targetHints":{"allow":["GET"]}}],"collection":[{"href":"https:\/\/eskigazeteci.com\/index.php?rest_route=\/wp\/v2\/posts"}],"about":[{"href":"https:\/\/eskigazeteci.com\/index.php?rest_route=\/wp\/v2\/types\/post"}],"author":[{"embeddable":true,"href":"https:\/\/eskigazeteci.com\/index.php?rest_route=\/wp\/v2\/users\/2"}],"replies":[{"embeddable":true,"href":"https:\/\/eskigazeteci.com\/index.php?rest_route=%2Fwp%2Fv2%2Fcomments&post=1555"}],"version-history":[{"count":0,"href":"https:\/\/eskigazeteci.com\/index.php?rest_route=\/wp\/v2\/posts\/1555\/revisions"}],"wp:featuredmedia":[{"embeddable":true,"href":"https:\/\/eskigazeteci.com\/index.php?rest_route=\/wp\/v2\/media\/1554"}],"wp:attachment":[{"href":"https:\/\/eskigazeteci.com\/index.php?rest_route=%2Fwp%2Fv2%2Fmedia&parent=1555"}],"wp:term":[{"taxonomy":"category","embeddable":true,"href":"https:\/\/eskigazeteci.com\/index.php?rest_route=%2Fwp%2Fv2%2Fcategories&post=1555"},{"taxonomy":"post_tag","embeddable":true,"href":"https:\/\/eskigazeteci.com\/index.php?rest_route=%2Fwp%2Fv2%2Ftags&post=1555"}],"curies":[{"name":"wp","href":"https:\/\/api.w.org\/{rel}","templated":true}]}}