{"id":1553,"date":"2026-02-12T12:19:13","date_gmt":"2026-02-12T12:19:13","guid":{"rendered":"https:\/\/eskigazeteci.com\/?p=1553"},"modified":"2026-02-12T12:19:13","modified_gmt":"2026-02-12T12:19:13","slug":"abd-cekildi-kritik-ussu-suriye-devraldi","status":"publish","type":"post","link":"https:\/\/eskigazeteci.com\/?p=1553","title":{"rendered":"ABD \u00e7ekildi: Kritik \u00fcss\u00fc Suriye devrald\u0131"},"content":{"rendered":"<p>Suriye Savunma Bakanl\u0131\u011f\u0131, Tenef Askeri \u00dcss\u00fc&#x27;nde kontrol\u00fcn Suriye ordusuna ge\u00e7ti\u011fini a\u00e7\u0131klad\u0131.<\/p>\n<p>Yap\u0131lan yaz\u0131l\u0131 a\u00e7\u0131klamada, \u00fcss\u00fcn kontrol\u00fcn\u00fcn Suriye ve ABD&#x27;li taraflar aras\u0131nda koordinasyonla sa\u011fland\u0131\u011f\u0131 ifade edildi. Ayr\u0131ca, Suriye ordusunun, Irak ve \u00dcrd\u00fcn s\u0131n\u0131rlar\u0131na da konu\u015flanmaya ba\u015flad\u0131\u011f\u0131 kaydedildi.<\/p>\n<p>ABD, 2017 ve 2018&#x27;de geni\u015fletti\u011fi Tenef \u00dcss\u00fc&#x27;nden kald\u0131r\u0131lan g\u00f6zetleme balonlar\u0131yla \u00dcrd\u00fcn s\u0131n\u0131r\u0131 ile F\u0131rat Nehri aras\u0131ndaki y\u00fczlerce kilometrelik alanda \u0130ran destekli gruplar ve ter\u00f6r \u00f6rg\u00fct\u00fc DEA\u015e&#x27;\u0131n askeri faaliyetlerini g\u00f6zetlemek i\u00e7in \u00fcss\u00fc kullanm\u0131\u015ft\u0131.<\/p>\n<p>ABD &#x27;nin Tenef \u00dcss\u00fc &#x27;ne 22 kilometre mesafede \u00dcrd\u00fcn s\u0131n\u0131rlar\u0131 i\u00e7indeki Kule 22 \u00dcss\u00fc&#x27;ne \u00e7ekildi\u011fi belirtilmi\u015fti.<\/p>\n<p>Yurtd\u0131\u015f\u0131nda ya\u015fanan en son olaylar, d\u00fcnya g\u00fcndemine oturan d\u0131\u015f haberler, son dakika d\u00fcnya haberleri, di\u011fer d\u00fcnya \u00fclkelerinden g\u00fcncel haberler i\u00e7in T\u00fcrkiye&#x27;nin haber sitesi hurriyet.com.tr; Hurriyet.com.tr haber i\u00e7erikleri kaynak g\u00f6sterilmeden al\u0131nt\u0131 yap\u0131lamaz, Kanuna ayk\u0131r\u0131 ve izinsiz olarak kopyalanamaz, ba\u015fka yerde yay\u0131nlanamaz.<\/p>\n","protected":false},"excerpt":{"rendered":"<p>Suriye Savunma Bakanl\u0131\u011f\u0131, ABD ordusunun \u00e7ekilmesinin ard\u0131ndan Suriye ordusunun \u00fclkenin g\u00fcneyinde yer alan Tenef Askeri \u00dcss\u00fc&#8217;nde kontrol\u00fc devrald\u0131\u011f\u0131n\u0131 bildirdi.<\/p>\n","protected":false},"author":2,"featured_media":1552,"comment_status":"open","ping_status":"open","sticky":false,"template":"","format":"standard","meta":{"footnotes":""},"categories":[8,6,5],"tags":[],"class_list":["post-1553","post","type-post","status-publish","format-standard","has-post-thumbnail","hentry","category-arsiv","category-gundem","category-son-dakika"],"_links":{"self":[{"href":"https:\/\/eskigazeteci.com\/index.php?rest_route=\/wp\/v2\/posts\/1553","targetHints":{"allow":["GET"]}}],"collection":[{"href":"https:\/\/eskigazeteci.com\/index.php?rest_route=\/wp\/v2\/posts"}],"about":[{"href":"https:\/\/eskigazeteci.com\/index.php?rest_route=\/wp\/v2\/types\/post"}],"author":[{"embeddable":true,"href":"https:\/\/eskigazeteci.com\/index.php?rest_route=\/wp\/v2\/users\/2"}],"replies":[{"embeddable":true,"href":"https:\/\/eskigazeteci.com\/index.php?rest_route=%2Fwp%2Fv2%2Fcomments&post=1553"}],"version-history":[{"count":0,"href":"https:\/\/eskigazeteci.com\/index.php?rest_route=\/wp\/v2\/posts\/1553\/revisions"}],"wp:featuredmedia":[{"embeddable":true,"href":"https:\/\/eskigazeteci.com\/index.php?rest_route=\/wp\/v2\/media\/1552"}],"wp:attachment":[{"href":"https:\/\/eskigazeteci.com\/index.php?rest_route=%2Fwp%2Fv2%2Fmedia&parent=1553"}],"wp:term":[{"taxonomy":"category","embeddable":true,"href":"https:\/\/eskigazeteci.com\/index.php?rest_route=%2Fwp%2Fv2%2Fcategories&post=1553"},{"taxonomy":"post_tag","embeddable":true,"href":"https:\/\/eskigazeteci.com\/index.php?rest_route=%2Fwp%2Fv2%2Ftags&post=1553"}],"curies":[{"name":"wp","href":"https:\/\/api.w.org\/{rel}","templated":true}]}}