{"id":1551,"date":"2026-02-12T12:17:42","date_gmt":"2026-02-12T12:17:42","guid":{"rendered":"https:\/\/eskigazeteci.com\/?p=1551"},"modified":"2026-02-12T12:17:42","modified_gmt":"2026-02-12T12:17:42","slug":"anladigimiz-korkunc-sirada","status":"publish","type":"post","link":"https:\/\/eskigazeteci.com\/?p=1551","title":{"rendered":"Anlad\u0131\u011f\u0131m\u0131z Korkun\u00e7 S\u0131rada"},"content":{"rendered":"<p>Aradan y\u0131llar ge\u00e7tikten sonra da birbiri ard\u0131na itiraflar geliyor. \u0130\u015fte bunun son \u00f6rnekleri.<\/p>\n","protected":false},"excerpt":{"rendered":"<p>Bu, d\u00fcnyas\u0131nda isim yap\u0131p da tacize u\u011framayan yok gibi g\u00f6r\u00fcn\u00fcyor.<\/p>\n","protected":false},"author":2,"featured_media":1550,"comment_status":"open","ping_status":"open","sticky":false,"template":"","format":"standard","meta":{"footnotes":""},"categories":[8,6,5],"tags":[],"class_list":["post-1551","post","type-post","status-publish","format-standard","has-post-thumbnail","hentry","category-arsiv","category-gundem","category-son-dakika"],"_links":{"self":[{"href":"https:\/\/eskigazeteci.com\/index.php?rest_route=\/wp\/v2\/posts\/1551","targetHints":{"allow":["GET"]}}],"collection":[{"href":"https:\/\/eskigazeteci.com\/index.php?rest_route=\/wp\/v2\/posts"}],"about":[{"href":"https:\/\/eskigazeteci.com\/index.php?rest_route=\/wp\/v2\/types\/post"}],"author":[{"embeddable":true,"href":"https:\/\/eskigazeteci.com\/index.php?rest_route=\/wp\/v2\/users\/2"}],"replies":[{"embeddable":true,"href":"https:\/\/eskigazeteci.com\/index.php?rest_route=%2Fwp%2Fv2%2Fcomments&post=1551"}],"version-history":[{"count":0,"href":"https:\/\/eskigazeteci.com\/index.php?rest_route=\/wp\/v2\/posts\/1551\/revisions"}],"wp:featuredmedia":[{"embeddable":true,"href":"https:\/\/eskigazeteci.com\/index.php?rest_route=\/wp\/v2\/media\/1550"}],"wp:attachment":[{"href":"https:\/\/eskigazeteci.com\/index.php?rest_route=%2Fwp%2Fv2%2Fmedia&parent=1551"}],"wp:term":[{"taxonomy":"category","embeddable":true,"href":"https:\/\/eskigazeteci.com\/index.php?rest_route=%2Fwp%2Fv2%2Fcategories&post=1551"},{"taxonomy":"post_tag","embeddable":true,"href":"https:\/\/eskigazeteci.com\/index.php?rest_route=%2Fwp%2Fv2%2Ftags&post=1551"}],"curies":[{"name":"wp","href":"https:\/\/api.w.org\/{rel}","templated":true}]}}