{"id":1541,"date":"2026-02-12T11:56:19","date_gmt":"2026-02-12T11:56:19","guid":{"rendered":"https:\/\/eskigazeteci.com\/?p=1541"},"modified":"2026-02-12T11:56:19","modified_gmt":"2026-02-12T11:56:19","slug":"atolyede-feci-kaza-iscinin-parmaklari-koptu","status":"publish","type":"post","link":"https:\/\/eskigazeteci.com\/?p=1541","title":{"rendered":"At\u00f6lyede feci kaza: \u0130\u015f\u00e7inin parmaklar\u0131 koptu"},"content":{"rendered":"<p>Olay, saat 12.00 s\u0131ralar\u0131nda k\u0131rsal Deydinler Mahallesi&#x27;nde faaliyet g\u00f6steren bir metal do\u011frama i\u015f yerinde meydana geldi. Edinilen bilgiye g\u00f6re, Raif Y. (49) \u00e7al\u0131\u015ft\u0131\u011f\u0131 s\u0131rada elini metal profillere s\u0131k\u0131\u015ft\u0131rd\u0131. Profillerin alt\u0131nda kalan i\u015f\u00e7inin 2 parma\u011f\u0131 koptu.<\/p>\n<p>Yaral\u0131 i\u015f\u00e7i, yak\u0131nlar\u0131 taraf\u0131ndan \u00f6zel ara\u00e7la \u0130neg\u00f6l Devlet Hastanesi&#x27;ne kald\u0131r\u0131ld\u0131. Burada yap\u0131lan ilk m\u00fcdahalenin ard\u0131ndan Raif Y., Bursa Uluda\u011f \u00dcniversitesi T\u0131p Fak\u00fcltesi Hastanesi&#x27;ne sevk edildi.<\/p>\n<p>Jandarma Komutanl\u0131\u011f\u0131 ekipleri olayla ilgili soru\u015fturma ba\u015flatt\u0131.<\/p>\n<p>T\u00fcrkiye g\u00fcndeminden son dakika haberleri, bug\u00fcn ya\u015fanan en son geli\u015fmeler, siyaset g\u00fcndeminden g\u00fcncel haberler ve b\u00fct\u00fcn son dakika haberleri i\u00e7in H\u00fcrriyet&#x27;in internet haber sitesi hurriyet.com.tr; Hurriyet.com.tr haber i\u00e7erikleri kaynak g\u00f6sterilmeden al\u0131nt\u0131 yap\u0131lamaz, Kanuna ayk\u0131r\u0131 ve izinsiz olarak kopyalanamaz, ba\u015fka yerde yay\u0131nlanamaz.<\/p>\n","protected":false},"excerpt":{"rendered":"<p>Bursa&#8217;n\u0131n \u0130neg\u00f6l il\u00e7esinde metal do\u011frama at\u00f6lyesinde meydana gelen i\u015f kazas\u0131nda bir i\u015f\u00e7inin 2 parma\u011f\u0131 koptu.<\/p>\n","protected":false},"author":2,"featured_media":1540,"comment_status":"open","ping_status":"open","sticky":false,"template":"","format":"standard","meta":{"footnotes":""},"categories":[8,6,5],"tags":[],"class_list":["post-1541","post","type-post","status-publish","format-standard","has-post-thumbnail","hentry","category-arsiv","category-gundem","category-son-dakika"],"_links":{"self":[{"href":"https:\/\/eskigazeteci.com\/index.php?rest_route=\/wp\/v2\/posts\/1541","targetHints":{"allow":["GET"]}}],"collection":[{"href":"https:\/\/eskigazeteci.com\/index.php?rest_route=\/wp\/v2\/posts"}],"about":[{"href":"https:\/\/eskigazeteci.com\/index.php?rest_route=\/wp\/v2\/types\/post"}],"author":[{"embeddable":true,"href":"https:\/\/eskigazeteci.com\/index.php?rest_route=\/wp\/v2\/users\/2"}],"replies":[{"embeddable":true,"href":"https:\/\/eskigazeteci.com\/index.php?rest_route=%2Fwp%2Fv2%2Fcomments&post=1541"}],"version-history":[{"count":0,"href":"https:\/\/eskigazeteci.com\/index.php?rest_route=\/wp\/v2\/posts\/1541\/revisions"}],"wp:featuredmedia":[{"embeddable":true,"href":"https:\/\/eskigazeteci.com\/index.php?rest_route=\/wp\/v2\/media\/1540"}],"wp:attachment":[{"href":"https:\/\/eskigazeteci.com\/index.php?rest_route=%2Fwp%2Fv2%2Fmedia&parent=1541"}],"wp:term":[{"taxonomy":"category","embeddable":true,"href":"https:\/\/eskigazeteci.com\/index.php?rest_route=%2Fwp%2Fv2%2Fcategories&post=1541"},{"taxonomy":"post_tag","embeddable":true,"href":"https:\/\/eskigazeteci.com\/index.php?rest_route=%2Fwp%2Fv2%2Ftags&post=1541"}],"curies":[{"name":"wp","href":"https:\/\/api.w.org\/{rel}","templated":true}]}}