{"id":1539,"date":"2026-02-12T11:50:47","date_gmt":"2026-02-12T11:50:47","guid":{"rendered":"https:\/\/eskigazeteci.com\/?p=1539"},"modified":"2026-02-12T11:50:47","modified_gmt":"2026-02-12T11:50:47","slug":"turkiyede-90-yas-ustu-nufusun-en-cok-oldugu-il-aciklandi","status":"publish","type":"post","link":"https:\/\/eskigazeteci.com\/?p=1539","title":{"rendered":"T\u00fcrkiye&#8217;de 90 ya\u015f \u00fcst\u00fc n\u00fcfusun en \u00e7ok oldu\u011fu il a\u00e7\u0131kland\u0131"},"content":{"rendered":"<p>T\u00fcrkiye&#x27;de verilerin yer ald\u0131\u011f\u0131 2007&#x27;de 90 ya\u015f \u00fcst\u00fc 97 bin 487 ki\u015fi bulunurken, bu say\u0131 2008&#x27;de 60 bin 176 olarak kay\u0131tlara ge\u00e7ti. Sonraki y\u0131llarda 90 ya\u015f \u00fcst\u00fc n\u00fcfusta 2024&#x27;e kadar d\u00fczenli art\u0131\u015f g\u00f6r\u00fcld\u00fc.<\/p>\n<p>Bu kapsamda 90 ya\u015f\u0131n\u0131 a\u015farak 100 ya\u015f\u0131na merdiven dayayanlar\u0131n n\u00fcfusu 2016&#x27;da 145 bin 341, 2017&#x27;de 160 bin 520, 2018&#x27;de 174 bin 875, 2019&#x27;da 187 bin 703, 2020&#x27;de 199 bin 842&#x27;ye kadar \u00e7\u0131kt\u0131.<\/p>\n<p>Kovid-19 salg\u0131n\u0131n etkilerinin devam etti\u011fi 2021&#x27;de ise 90 ya\u015f \u00fcst\u00fc n\u00fcfus 202 bin 977&#x27;yi, 2022&#x27;de 213 bin 923&#x27;\u00fc buldu. Bu ya\u015f grubunda y\u0131ll\u0131k bazda en \u00e7ok art\u0131\u015f ise 2023&#x27;te g\u00f6r\u00fcld\u00fc. S\u00f6z konusu y\u0131lda 90 ya\u015f \u00fcst\u00fc n\u00fcfus 23 bin 968 art\u0131\u015fla 237 bin 891&#x27;e y\u00fckseldi.<\/p>\n<p>T\u00fcrkiye&#x27;de 90 ya\u015f \u00fcst\u00fc n\u00fcfusu 2024&#x27;te 244 bin 837&#x27;ye \u00e7\u0131karken ge\u00e7en y\u0131l ise 243 bin 713&#x27;e geriledi. B\u00f6ylece verilerin yer ald\u0131\u011f\u0131 2007-2025 d\u00f6neminde 90 ya\u015f\u0131n\u0131 a\u015fan &quot;\u00e7\u0131narlar\u0131n&quot; say\u0131s\u0131 16 y\u0131l sonra ilk kez azald\u0131.<\/p>\n<p>\u00dclkenin 90 ya\u015f \u00fcst\u00fc n\u00fcfusunun 10 y\u0131lda ise y\u00fczde 67,7 artt\u0131\u011f\u0131 hesapland\u0131.<\/p>\n<p>N\u00dcFUSA ORANLA 90 YA\u015e \u00dcST\u00dc \u0130NSAN SAYISI EN FAZLA TUNCEL\u0130&#x27;DE<\/p>\n<p>T\u00fcrkiye&#x27;de illerin n\u00fcfusuna oranla bak\u0131ld\u0131\u011f\u0131nda 90 ya\u015f \u00fcst\u00fc insanlar\u0131n en fazla oldu\u011fu il y\u00fczde 0,89 ile Tunceli \u00e7\u0131kt\u0131. Bu ilde 90 ya\u015f\u0131 ge\u00e7en 755 ki\u015fi bulunuyor.<\/p>\n<p>Tunceli&#x27;yi y\u00fczde 0,84 ve 3 bin&#8230;<\/p>\n","protected":false},"excerpt":{"rendered":"<p>T\u00fcrkiye \u0130statistik Kurumu (T\u00dc\u0130K) verilerinden derledi\u011fi bilgiye g\u00f6re \u00fclke n\u00fcfusu 2025&#8217;te bir \u00f6nceki y\u0131la k\u0131yasla 427 bin 224 ki\u015fi artarak 86 milyon 92 bin&#8230;<\/p>\n","protected":false},"author":2,"featured_media":1538,"comment_status":"open","ping_status":"open","sticky":false,"template":"","format":"standard","meta":{"footnotes":""},"categories":[8,6,5],"tags":[],"class_list":["post-1539","post","type-post","status-publish","format-standard","has-post-thumbnail","hentry","category-arsiv","category-gundem","category-son-dakika"],"_links":{"self":[{"href":"https:\/\/eskigazeteci.com\/index.php?rest_route=\/wp\/v2\/posts\/1539","targetHints":{"allow":["GET"]}}],"collection":[{"href":"https:\/\/eskigazeteci.com\/index.php?rest_route=\/wp\/v2\/posts"}],"about":[{"href":"https:\/\/eskigazeteci.com\/index.php?rest_route=\/wp\/v2\/types\/post"}],"author":[{"embeddable":true,"href":"https:\/\/eskigazeteci.com\/index.php?rest_route=\/wp\/v2\/users\/2"}],"replies":[{"embeddable":true,"href":"https:\/\/eskigazeteci.com\/index.php?rest_route=%2Fwp%2Fv2%2Fcomments&post=1539"}],"version-history":[{"count":0,"href":"https:\/\/eskigazeteci.com\/index.php?rest_route=\/wp\/v2\/posts\/1539\/revisions"}],"wp:featuredmedia":[{"embeddable":true,"href":"https:\/\/eskigazeteci.com\/index.php?rest_route=\/wp\/v2\/media\/1538"}],"wp:attachment":[{"href":"https:\/\/eskigazeteci.com\/index.php?rest_route=%2Fwp%2Fv2%2Fmedia&parent=1539"}],"wp:term":[{"taxonomy":"category","embeddable":true,"href":"https:\/\/eskigazeteci.com\/index.php?rest_route=%2Fwp%2Fv2%2Fcategories&post=1539"},{"taxonomy":"post_tag","embeddable":true,"href":"https:\/\/eskigazeteci.com\/index.php?rest_route=%2Fwp%2Fv2%2Ftags&post=1539"}],"curies":[{"name":"wp","href":"https:\/\/api.w.org\/{rel}","templated":true}]}}