{"id":1537,"date":"2026-02-12T11:49:16","date_gmt":"2026-02-12T11:49:16","guid":{"rendered":"https:\/\/eskigazeteci.com\/?p=1537"},"modified":"2026-02-12T11:49:16","modified_gmt":"2026-02-12T11:49:16","slug":"aracini-park-ettigi-yer-kabusu-oldu-pencereden-gorunce-fenalasti-satilsa-bagimiza-gelmeyecekti","status":"publish","type":"post","link":"https:\/\/eskigazeteci.com\/?p=1537","title":{"rendered":"Arac\u0131n\u0131 park etti\u011fi yer kabusu oldu! Pencereden g\u00f6r\u00fcnce fenala\u015ft\u0131: Sat\u0131lsa ba\u011f\u0131m\u0131za gelmeyecekti"},"content":{"rendered":"<p>Al\u0131nan bilgiye g\u00f6re, 1. Kadriye Mahallesi&#x27;nde gece saatlerinde 3 katl\u0131 binan\u0131n 3. kat\u0131ndaki balkon hen\u00fcz belirlenemeyen bir nedenle \u00e7\u00f6kt\u00fc. Beton par\u00e7alar\u0131n\u0131n d\u00fc\u015ft\u00fc\u011f\u00fc 2. kattaki balkonda da \u00e7\u00f6kme meydana geldi.<\/p>\n<p>\u00c7\u00f6kme sonucu bina \u00f6n\u00fcnde park halinde olan bir otomobilde hasar olu\u015ftu.<\/p>\n<p>Yaralanan\u0131n olmad\u0131\u011f\u0131 olay nedeniyle \u00e7evrede g\u00fcvenlik \u00f6nlemi al\u0131nd\u0131.<\/p>\n<p>Binan\u0131n ikinci kat\u0131nda ya\u015fayan 77 ya\u015f\u0131ndaki Haydar A\u00e7\u0131l, AA muhabirine televizyon izlerken bir g\u00fcr\u00fclt\u00fc duydu\u011funu, \u00f6nce bir arac\u0131n duvara \u00e7arpt\u0131\u011f\u0131n\u0131 zannetti\u011fini s\u00f6yledi.<\/p>\n<p>Pencereden d\u0131\u015far\u0131 bakt\u0131\u011f\u0131nda olay\u0131 anlad\u0131\u011f\u0131n\u0131 anlatan A\u00e7\u0131l, &quot;Bir bakt\u0131m 3. kat\u0131n balkonu bizim ikinci kat\u0131n balkonuna \u00e7arp\u0131yor. Oradan da arabay\u0131 eziyor. Ondan sonra strese girdik. Ben KOAH hastas\u0131y\u0131m. Strese girince nefes alamad\u0131m. Ambulansa haber verdik. Ambulans, itfaiye, belediye geldi. Binada ba\u015fka kimse oturmuyor. Han\u0131mla ben var\u0131z.&quot; ifadelerini kulland\u0131.<\/p>\n<p>Otomobilin kendilerine ait oldu\u011funu belirten A\u00e7\u0131l, &quot;KOAH hastas\u0131 oldu\u011fum i\u00e7in ilana koymu\u015ftum, bir senedir satamad\u0131k. Sat\u0131lsayd\u0131 bu ba\u015f\u0131m\u0131za gelmeyecekti.&quot; dedi.<\/p>\n<p>T\u00fcrkiye g\u00fcndeminden son dakika haberleri, bug\u00fcn ya\u015fanan en son geli\u015fmeler, siyaset g\u00fcndeminden g\u00fcncel haberler ve b\u00fct\u00fcn son dakika haberleri i\u00e7in&#8230;<\/p>\n","protected":false},"excerpt":{"rendered":"<p>\u0130zmir&#8217;in Konak il\u00e7esinde 3 katl\u0131 binan\u0131n iki balkonu, park halindeki otomobilin \u00fczerine \u00e7\u00f6kt\u00fc. Arac\u0131n sahibi olan KOAH hastas\u0131 77 ya\u015f\u0131ndaki Haydar A\u00e7\u0131l, Bir&#8230;<\/p>\n","protected":false},"author":2,"featured_media":1536,"comment_status":"open","ping_status":"open","sticky":false,"template":"","format":"standard","meta":{"footnotes":""},"categories":[8,6,5],"tags":[],"class_list":["post-1537","post","type-post","status-publish","format-standard","has-post-thumbnail","hentry","category-arsiv","category-gundem","category-son-dakika"],"_links":{"self":[{"href":"https:\/\/eskigazeteci.com\/index.php?rest_route=\/wp\/v2\/posts\/1537","targetHints":{"allow":["GET"]}}],"collection":[{"href":"https:\/\/eskigazeteci.com\/index.php?rest_route=\/wp\/v2\/posts"}],"about":[{"href":"https:\/\/eskigazeteci.com\/index.php?rest_route=\/wp\/v2\/types\/post"}],"author":[{"embeddable":true,"href":"https:\/\/eskigazeteci.com\/index.php?rest_route=\/wp\/v2\/users\/2"}],"replies":[{"embeddable":true,"href":"https:\/\/eskigazeteci.com\/index.php?rest_route=%2Fwp%2Fv2%2Fcomments&post=1537"}],"version-history":[{"count":0,"href":"https:\/\/eskigazeteci.com\/index.php?rest_route=\/wp\/v2\/posts\/1537\/revisions"}],"wp:featuredmedia":[{"embeddable":true,"href":"https:\/\/eskigazeteci.com\/index.php?rest_route=\/wp\/v2\/media\/1536"}],"wp:attachment":[{"href":"https:\/\/eskigazeteci.com\/index.php?rest_route=%2Fwp%2Fv2%2Fmedia&parent=1537"}],"wp:term":[{"taxonomy":"category","embeddable":true,"href":"https:\/\/eskigazeteci.com\/index.php?rest_route=%2Fwp%2Fv2%2Fcategories&post=1537"},{"taxonomy":"post_tag","embeddable":true,"href":"https:\/\/eskigazeteci.com\/index.php?rest_route=%2Fwp%2Fv2%2Ftags&post=1537"}],"curies":[{"name":"wp","href":"https:\/\/api.w.org\/{rel}","templated":true}]}}