{"id":1535,"date":"2026-02-12T11:47:44","date_gmt":"2026-02-12T11:47:44","guid":{"rendered":"https:\/\/eskigazeteci.com\/?p=1535"},"modified":"2026-02-12T11:47:44","modified_gmt":"2026-02-12T11:47:44","slug":"hamas-lideri-bergusiye-hapishanede-saldiri","status":"publish","type":"post","link":"https:\/\/eskigazeteci.com\/?p=1535","title":{"rendered":"Hamas lideri Bergusi&#8217;ye hapishanede sald\u0131r\u0131"},"content":{"rendered":"<p>Filistinli Esirler Medya Ofisinden yap\u0131lan yaz\u0131l\u0131 a\u00e7\u0131klamada, &quot;ziyaret\u00e7i salonuna olduk\u00e7a yorgun ve bitkin bir \u015fekilde geldi\u011fi&quot; belirtildi.<\/p>\n<p>A\u00e7\u0131klamada, Bergusi&#x27;nin yaralanmas\u0131 \u015fu ifadelerle aktar\u0131ld\u0131:<\/p>\n<p>&quot;Bergusi&#x27;nin, sol g\u00f6z\u00fcnden yaraland\u0131\u011f\u0131 a\u00e7\u0131k bir \u015fekilde g\u00f6r\u00fcl\u00fcyordu. Bask\u0131n operasyonuyla e\u015fzamanl\u0131 gelen ziyaret\u00e7iyle g\u00f6r\u00fc\u015fmeye \u00e7\u0131kt\u0131\u011f\u0131 s\u0131rada ba\u015f\u0131n\u0131 kap\u0131ya vurdu\u011fu i\u00e7in \u00fczerinde kan izleri de vard\u0131.&quot;<\/p>\n<p>110 K\u0130LODAN 60 K\u0130LOYA D\u00dc\u015eT\u00dc<\/p>\n<p>Bergusi&#x27;nin 110 kilogramdan 60 kilograma d\u00fc\u015ft\u00fc\u011f\u00fcne dikkat \u00e7ekilen a\u00e7\u0131klamada, bunun ihmal ve k\u00f6t\u00fc beslenme sonucunda olduk\u00e7a tehlikeli sa\u011fl\u0131k sorunlar\u0131 ya\u015fad\u0131\u011f\u0131n\u0131n i\u015fareti oldu\u011fu kaydedildi.<\/p>\n<p>A\u00e7\u0131klamada, hapishanenin en d\u00fc\u015f\u00fck seviyede dahi ya\u015fam \u015fartlar\u0131na sahip olmad\u0131\u011f\u0131n\u0131n alt\u0131 \u00e7izildi.<\/p>\n<p>Abdullah el-Bergusi , 67 kez \u00f6m\u00fcr boyu hapis cezas\u0131na \u00e7arpt\u0131r\u0131ld\u0131. \u0130srail hapishanelerindeki en fazla ceza alan Filistinli esir durumunda.<\/p>\n<p>\u0130zzeddin el-Kassam Tugaylar\u0131 &#x27;n\u0131n liderlerinden ve Ramallahl\u0131 olan Bergusi, 2003 y\u0131l\u0131nda tutukland\u0131.<\/p>\n<p>Yurtd\u0131\u015f\u0131nda ya\u015fanan en son olaylar, d\u00fcnya g\u00fcndemine oturan d\u0131\u015f haberler, son dakika d\u00fcnya haberleri, di\u011fer d\u00fcnya \u00fclkelerinden g\u00fcncel haberler i\u00e7in T\u00fcrkiye&#x27;nin haber sitesi hurriyet.com.tr; Hurriyet.com.tr haber i\u00e7erikleri kaynak&#8230;<\/p>\n","protected":false},"excerpt":{"rendered":"<p>Hamas Hareketi&#8217;nin askeri kanad\u0131 \u0130zzeddin el-Kassam Tugaylar\u0131 liderlerinden Abdullah el-Bergusi&#8217;nin, tutuldu\u011fu \u0130srail Gilboa Hapishanesi&#8217;nde bask\u0131n s\u0131ras\u0131nda&#8230;<\/p>\n","protected":false},"author":2,"featured_media":1534,"comment_status":"open","ping_status":"open","sticky":false,"template":"","format":"standard","meta":{"footnotes":""},"categories":[8,6,5],"tags":[],"class_list":["post-1535","post","type-post","status-publish","format-standard","has-post-thumbnail","hentry","category-arsiv","category-gundem","category-son-dakika"],"_links":{"self":[{"href":"https:\/\/eskigazeteci.com\/index.php?rest_route=\/wp\/v2\/posts\/1535","targetHints":{"allow":["GET"]}}],"collection":[{"href":"https:\/\/eskigazeteci.com\/index.php?rest_route=\/wp\/v2\/posts"}],"about":[{"href":"https:\/\/eskigazeteci.com\/index.php?rest_route=\/wp\/v2\/types\/post"}],"author":[{"embeddable":true,"href":"https:\/\/eskigazeteci.com\/index.php?rest_route=\/wp\/v2\/users\/2"}],"replies":[{"embeddable":true,"href":"https:\/\/eskigazeteci.com\/index.php?rest_route=%2Fwp%2Fv2%2Fcomments&post=1535"}],"version-history":[{"count":0,"href":"https:\/\/eskigazeteci.com\/index.php?rest_route=\/wp\/v2\/posts\/1535\/revisions"}],"wp:featuredmedia":[{"embeddable":true,"href":"https:\/\/eskigazeteci.com\/index.php?rest_route=\/wp\/v2\/media\/1534"}],"wp:attachment":[{"href":"https:\/\/eskigazeteci.com\/index.php?rest_route=%2Fwp%2Fv2%2Fmedia&parent=1535"}],"wp:term":[{"taxonomy":"category","embeddable":true,"href":"https:\/\/eskigazeteci.com\/index.php?rest_route=%2Fwp%2Fv2%2Fcategories&post=1535"},{"taxonomy":"post_tag","embeddable":true,"href":"https:\/\/eskigazeteci.com\/index.php?rest_route=%2Fwp%2Fv2%2Ftags&post=1535"}],"curies":[{"name":"wp","href":"https:\/\/api.w.org\/{rel}","templated":true}]}}