{"id":1533,"date":"2026-02-12T11:46:23","date_gmt":"2026-02-12T11:46:23","guid":{"rendered":"https:\/\/eskigazeteci.com\/?p=1533"},"modified":"2026-02-12T11:46:23","modified_gmt":"2026-02-12T11:46:23","slug":"etkilesim-ugruna-hayatini-kaybetti-seytan-yengeci-sonu-oldu","status":"publish","type":"post","link":"https:\/\/eskigazeteci.com\/?p=1533","title":{"rendered":"Etkile\u015fim u\u011fruna hayat\u0131n\u0131 kaybetti: &#8216;\u015eeytan yengeci&#8217; sonu oldu"},"content":{"rendered":"<p>Filipinler\u2019in Palawan eyaletinde ya\u015fayan 51 ya\u015f\u0131ndaki sosyal medya fenomeni Emma Amit, \u00e7ekti\u011fi video sonras\u0131 hayat\u0131n\u0131 kaybetti. Yemek videolar\u0131 \u00e7ekerek \u00fcnlenen Amit, nadir bulunan ve \u201c\u015feytan yengeci\u201d olarak bilinen zehirli kabukluyu \u00e7i\u011fnedikten sonra fenala\u015ft\u0131. Amit, iki g\u00fcn i\u00e7inde ya\u015fam\u0131n\u0131 yitirdi.<\/p>\n<p>ORMANDA AVLADILAR<\/p>\n<p>Amit ve arkada\u015flar\u0131, 4 \u015eubat\u2019ta evinin yak\u0131n\u0131nda bulunan bir mangrov orman\u0131nda kabuklu deniz canl\u0131lar\u0131 ve yenge\u00e7 avlad\u0131. Amit&#x27;in payla\u015ft\u0131\u011f\u0131 g\u00f6r\u00fcnt\u00fclerde, parlak renkli yengeci a\u011fz\u0131na g\u00f6t\u00fcrd\u00fc\u011f\u00fc ve g\u00fcl\u00fcmseyerek yedi\u011fi anlar yer ald\u0131.<\/p>\n<p>Ancak g\u00fc\u00e7l\u00fc n\u00f6rotoksin i\u00e7eren yengeci t\u00fckettikten k\u0131sa s\u00fcre sonra talihsiz kad\u0131n rahats\u0131zland\u0131. Toksinlerin kan dola\u015f\u0131m\u0131na kar\u0131\u015fmas\u0131yla birlikte 24 saat ge\u00e7meden durumu a\u011f\u0131rla\u015ft\u0131.<\/p>\n<p>HASTANEYE KALDIRILDI ANCAK KURTARILAMADI<\/p>\n<p>The Sun gazetesinde yer alan habere g\u00f6re kom\u015fular\u0131, Amit\u2019in hastaneye g\u00f6t\u00fcr\u00fcl\u00fcrken n\u00f6bet ge\u00e7irdi\u011fini s\u00f6yledi. Yerel hastanede tedavi alt\u0131na al\u0131nan 51 ya\u015f\u0131ndaki kad\u0131n, sa\u011fl\u0131k durumunun h\u0131zla k\u00f6t\u00fcle\u015fmesi sonucu 6 \u015eubat\u2019ta hayat\u0131n\u0131 kaybetti. \u00d6l\u00fcm\u00fcn\u00fcn, yengeci yedikten yaln\u0131zca iki g\u00fcn sonra ger\u00e7ekle\u015fti\u011fi bildirildi.<\/p>\n<p>\u201cHAYATINIZLA KUMAR OYNAMAYIN\u201d UYARISI<\/p>\n<p>Luzviminda K\u00f6y\u00fc Muhtar\u0131 Laddy Gemang, olay\u0131n ard\u0131ndan b\u00f6lge halk\u0131na&#8230;<\/p>\n","protected":false},"excerpt":{"rendered":"<p>Filipinlerde, \u015feytan yengeci olarak bilinen zehirli bir kabuklu, \u00e7ekti\u011fi yemek videolar\u0131 ile sosyal medya fenomeni haline gelen 51 ya\u015f\u0131ndaki kad\u0131n\u0131n sonu oldu.<\/p>\n","protected":false},"author":2,"featured_media":1532,"comment_status":"open","ping_status":"open","sticky":false,"template":"","format":"standard","meta":{"footnotes":""},"categories":[8,6,5],"tags":[],"class_list":["post-1533","post","type-post","status-publish","format-standard","has-post-thumbnail","hentry","category-arsiv","category-gundem","category-son-dakika"],"_links":{"self":[{"href":"https:\/\/eskigazeteci.com\/index.php?rest_route=\/wp\/v2\/posts\/1533","targetHints":{"allow":["GET"]}}],"collection":[{"href":"https:\/\/eskigazeteci.com\/index.php?rest_route=\/wp\/v2\/posts"}],"about":[{"href":"https:\/\/eskigazeteci.com\/index.php?rest_route=\/wp\/v2\/types\/post"}],"author":[{"embeddable":true,"href":"https:\/\/eskigazeteci.com\/index.php?rest_route=\/wp\/v2\/users\/2"}],"replies":[{"embeddable":true,"href":"https:\/\/eskigazeteci.com\/index.php?rest_route=%2Fwp%2Fv2%2Fcomments&post=1533"}],"version-history":[{"count":0,"href":"https:\/\/eskigazeteci.com\/index.php?rest_route=\/wp\/v2\/posts\/1533\/revisions"}],"wp:featuredmedia":[{"embeddable":true,"href":"https:\/\/eskigazeteci.com\/index.php?rest_route=\/wp\/v2\/media\/1532"}],"wp:attachment":[{"href":"https:\/\/eskigazeteci.com\/index.php?rest_route=%2Fwp%2Fv2%2Fmedia&parent=1533"}],"wp:term":[{"taxonomy":"category","embeddable":true,"href":"https:\/\/eskigazeteci.com\/index.php?rest_route=%2Fwp%2Fv2%2Fcategories&post=1533"},{"taxonomy":"post_tag","embeddable":true,"href":"https:\/\/eskigazeteci.com\/index.php?rest_route=%2Fwp%2Fv2%2Ftags&post=1533"}],"curies":[{"name":"wp","href":"https:\/\/api.w.org\/{rel}","templated":true}]}}