{"id":1531,"date":"2026-02-12T11:39:09","date_gmt":"2026-02-12T11:39:09","guid":{"rendered":"https:\/\/eskigazeteci.com\/?p=1531"},"modified":"2026-02-12T11:39:09","modified_gmt":"2026-02-12T11:39:09","slug":"kosovada-yeni-hukumet-kuruldu","status":"publish","type":"post","link":"https:\/\/eskigazeteci.com\/?p=1531","title":{"rendered":"Kosova&#8217;da yeni h\u00fck\u00fcmet kuruldu"},"content":{"rendered":"<p>Kosova Meclisinde yap\u0131lan oturumda, yeni h\u00fck\u00fcmet i\u00e7in g\u00fcven oylamas\u0131 yap\u0131ld\u0131.<\/p>\n","protected":false},"excerpt":{"rendered":"<p>Albin Kurti&#8217;nin kabinesinde, Kosova Demokratik T\u00fcrk Partisi (KDTP) Genel Ba\u015fkan\u0131 Fikrim Damka&#8217;n\u0131n konu\u015fmas\u0131 yap\u0131ld\u0131.<\/p>\n","protected":false},"author":2,"featured_media":1530,"comment_status":"open","ping_status":"open","sticky":false,"template":"","format":"standard","meta":{"footnotes":""},"categories":[8,6,5],"tags":[],"class_list":["post-1531","post","type-post","status-publish","format-standard","has-post-thumbnail","hentry","category-arsiv","category-gundem","category-son-dakika"],"_links":{"self":[{"href":"https:\/\/eskigazeteci.com\/index.php?rest_route=\/wp\/v2\/posts\/1531","targetHints":{"allow":["GET"]}}],"collection":[{"href":"https:\/\/eskigazeteci.com\/index.php?rest_route=\/wp\/v2\/posts"}],"about":[{"href":"https:\/\/eskigazeteci.com\/index.php?rest_route=\/wp\/v2\/types\/post"}],"author":[{"embeddable":true,"href":"https:\/\/eskigazeteci.com\/index.php?rest_route=\/wp\/v2\/users\/2"}],"replies":[{"embeddable":true,"href":"https:\/\/eskigazeteci.com\/index.php?rest_route=%2Fwp%2Fv2%2Fcomments&post=1531"}],"version-history":[{"count":0,"href":"https:\/\/eskigazeteci.com\/index.php?rest_route=\/wp\/v2\/posts\/1531\/revisions"}],"wp:featuredmedia":[{"embeddable":true,"href":"https:\/\/eskigazeteci.com\/index.php?rest_route=\/wp\/v2\/media\/1530"}],"wp:attachment":[{"href":"https:\/\/eskigazeteci.com\/index.php?rest_route=%2Fwp%2Fv2%2Fmedia&parent=1531"}],"wp:term":[{"taxonomy":"category","embeddable":true,"href":"https:\/\/eskigazeteci.com\/index.php?rest_route=%2Fwp%2Fv2%2Fcategories&post=1531"},{"taxonomy":"post_tag","embeddable":true,"href":"https:\/\/eskigazeteci.com\/index.php?rest_route=%2Fwp%2Fv2%2Ftags&post=1531"}],"curies":[{"name":"wp","href":"https:\/\/api.w.org\/{rel}","templated":true}]}}