{"id":1527,"date":"2026-02-12T11:36:19","date_gmt":"2026-02-12T11:36:19","guid":{"rendered":"https:\/\/eskigazeteci.com\/?p=1527"},"modified":"2026-02-12T11:36:19","modified_gmt":"2026-02-12T11:36:19","slug":"fenerbahcede-mujde-trabzonspor-maci-oncesi-geri-dondu","status":"publish","type":"post","link":"https:\/\/eskigazeteci.com\/?p=1527","title":{"rendered":"Fenerbah\u00e7e&#8217;de m\u00fcjde! Trabzonspor ma\u00e7\u0131 \u00f6ncesi geri d\u00f6nd\u00fc"},"content":{"rendered":"<p>Fenerbah\u00e7e , Trendyol S\u00fcper Lig &#x27;in 22. haftas\u0131nda 14 \u015eubat Cumartesi g\u00fcn\u00fc deplasmanda Trabzonspor ile kar\u015f\u0131la\u015faca\u011f\u0131 ma\u00e7\u0131n haz\u0131rl\u0131klar\u0131na devam etti.<\/p>\n<p>Sar\u0131-lacivertli kul\u00fcb\u00fcn a\u00e7\u0131klamas\u0131na g\u00f6re Fenerbah\u00e7e Can Bartu Tesisleri&#x27;nde, teknik direkt\u00f6r Domenico Tedesco y\u00f6netimindeki idman, salonda core hareketleriyle ba\u015flad\u0131.<\/p>\n<p>Sahada \u0131s\u0131nma, \u00e7abukluk, koordinasyon ve pas \u00e7al\u0131\u015fmalar\u0131yla devam eden antrenman, taktiksel ve bireysel \u00e7al\u0131\u015fmalarla sona erdi.<\/p>\n<p>Fenerbah\u00e7e, Trabzonspor kar\u015f\u0131la\u015fmas\u0131n\u0131n haz\u0131rl\u0131klar\u0131n\u0131 13 \u015eubat Cuma g\u00fcn\u00fc tamamlayacak.<\/p>\n<p>LEVENT MERCAN M\u00dcJDES\u0130<\/p>\n<p>Sar\u0131 lacivertlilerin antrenman payla\u015f\u0131m\u0131nda, bir s\u00fcredir sakatl\u0131\u011f\u0131 bulunan Levent Mercan&#x27;\u0131n antrenmanlara geri d\u00f6nd\u00fc\u011f\u00fc g\u00f6r\u00fcld\u00fc.<\/p>\n<p>GALATASARAY DERB\u0130S\u0130NDE SAKATLANMI\u015eTI<\/p>\n<p>Fenerbah\u00e7e&#x27;nin S\u00fcper Kupa&#x27;da oynad\u0131\u011f\u0131 ve Galatasaray &#x27;\u0131 2-0 ma\u011flup etti\u011fi ma\u00e7ta sakatlanan Levet Mercan&#x27;a dair sar\u0131 lacivertliler, &quot; Futbol A Tak\u0131m\u0131m\u0131z\u0131n oyuncular\u0131ndan Levent Mercan &#x27;\u0131n d\u00fcn ak\u015fam oynanan Galatasaray ma\u00e7\u0131nda ya\u015fad\u0131\u011f\u0131 sakatl\u0131k sonras\u0131 Ata\u015fehir Medicana Hastanesi&#x27;nde MR g\u00f6r\u00fcnt\u00fclenmesi ger\u00e7ekle\u015ftirilmi\u015ftir. Yap\u0131lan de\u011ferlendirme neticesinde sa\u011f arka adalesinde k\u0131smi y\u0131rt\u0131k tespit edilen oyuncumuzun tedavisine ba\u015flanm\u0131\u015ft\u0131r.&quot; a\u00e7\u0131klamas\u0131n\u0131&#8230;<\/p>\n","protected":false},"excerpt":{"rendered":"<p>S\u00fcper Lig&#8217;de oynayaca\u011f\u0131 Trabzonspor ma\u00e7\u0131n\u0131n haz\u0131rl\u0131klar\u0131na devam eden Fenerbah\u00e7e&#8217;de, uzun s\u00fcredir sakatl\u0131\u011f\u0131 bulunan isimden m\u00fcjde geldi.<\/p>\n","protected":false},"author":2,"featured_media":1526,"comment_status":"open","ping_status":"open","sticky":false,"template":"","format":"standard","meta":{"footnotes":""},"categories":[8,5,7],"tags":[],"class_list":["post-1527","post","type-post","status-publish","format-standard","has-post-thumbnail","hentry","category-arsiv","category-son-dakika","category-spor"],"_links":{"self":[{"href":"https:\/\/eskigazeteci.com\/index.php?rest_route=\/wp\/v2\/posts\/1527","targetHints":{"allow":["GET"]}}],"collection":[{"href":"https:\/\/eskigazeteci.com\/index.php?rest_route=\/wp\/v2\/posts"}],"about":[{"href":"https:\/\/eskigazeteci.com\/index.php?rest_route=\/wp\/v2\/types\/post"}],"author":[{"embeddable":true,"href":"https:\/\/eskigazeteci.com\/index.php?rest_route=\/wp\/v2\/users\/2"}],"replies":[{"embeddable":true,"href":"https:\/\/eskigazeteci.com\/index.php?rest_route=%2Fwp%2Fv2%2Fcomments&post=1527"}],"version-history":[{"count":0,"href":"https:\/\/eskigazeteci.com\/index.php?rest_route=\/wp\/v2\/posts\/1527\/revisions"}],"wp:featuredmedia":[{"embeddable":true,"href":"https:\/\/eskigazeteci.com\/index.php?rest_route=\/wp\/v2\/media\/1526"}],"wp:attachment":[{"href":"https:\/\/eskigazeteci.com\/index.php?rest_route=%2Fwp%2Fv2%2Fmedia&parent=1527"}],"wp:term":[{"taxonomy":"category","embeddable":true,"href":"https:\/\/eskigazeteci.com\/index.php?rest_route=%2Fwp%2Fv2%2Fcategories&post=1527"},{"taxonomy":"post_tag","embeddable":true,"href":"https:\/\/eskigazeteci.com\/index.php?rest_route=%2Fwp%2Fv2%2Ftags&post=1527"}],"curies":[{"name":"wp","href":"https:\/\/api.w.org\/{rel}","templated":true}]}}