{"id":1525,"date":"2026-02-12T11:26:20","date_gmt":"2026-02-12T11:26:20","guid":{"rendered":"https:\/\/eskigazeteci.com\/?p=1525"},"modified":"2026-02-12T11:26:20","modified_gmt":"2026-02-12T11:26:20","slug":"cumhurbaskani-erdogandan-onemli-aciklamalar-2","status":"publish","type":"post","link":"https:\/\/eskigazeteci.com\/?p=1525","title":{"rendered":"Cumhurba\u015fkan\u0131 Erdo\u011fan&#8217;dan \u00f6nemli a\u00e7\u0131klamalar"},"content":{"rendered":"<p>\u0130\u015fte Cumhurba\u015fkan\u0131 Erdo\u011fan &#x27;\u0131n a\u00e7\u0131klamalar\u0131ndan sat\u0131r ba\u015flar\u0131:<\/p>\n<p>Hepinizi en kalbi duygular\u0131mla hasretle muhabbetle selaml\u0131yorum. AK Parti te\u015fkilat\u0131n\u0131n fedakar mensuplar\u0131na tebriklerimi iletiyorum. AK Parti&#x27;nin 177.\ufffd Geni\u015fletilmi\u015f \u0130l Ba\u015fkanlar\u0131 Toplant\u0131s\u0131 &#x27;n\u0131n \u00fclkemize, demokrasimize hay\u0131rlar getirmesini diliyorum.<\/p>\n<p>AK Parti olarak kadromuzu g\u00fc\u00e7lendirmeye devam ediyoruz. AK Parti bug\u00fcn T\u00fcrkiye&#x27;nin hem en b\u00fcy\u00fck siyasi partisi ve en kurumsal siyasi hareketidir. Bug\u00fcn siyasetin merkezi Cumhur \u0130ttifak\u0131&#x27;d\u0131r. AK Parti g\u00fc\u00e7l\u00fc, Cumhur \u0130ttifak\u0131 ayaktaysa T\u00fcrkiye&#x27;nin ayd\u0131nl\u0131k yar\u0131nlar\u0131 teminat alt\u0131ndad\u0131r.<\/p>\n<p>Ayr\u0131nt\u0131lar geliyor&#8230;<\/p>\n<p>T\u00fcrkiye g\u00fcndeminden son dakika haberleri, bug\u00fcn ya\u015fanan en son geli\u015fmeler, siyaset g\u00fcndeminden g\u00fcncel haberler ve b\u00fct\u00fcn son dakika haberleri i\u00e7in H\u00fcrriyet&#x27;in internet haber sitesi hurriyet.com.tr; Hurriyet.com.tr haber i\u00e7erikleri kaynak g\u00f6sterilmeden al\u0131nt\u0131 yap\u0131lamaz, Kanuna ayk\u0131r\u0131 ve izinsiz olarak kopyalanamaz, ba\u015fka yerde yay\u0131nlanamaz.<\/p>\n","protected":false},"excerpt":{"rendered":"<p>Cumhurba\u015fkan\u0131 ve AK Parti Genel Ba\u015fkan\u0131 Recep Tayyip Erdo\u011fan, AK Parti Kongre Merkezi&#8217;nde Geni\u015fletilmi\u015f \u0130l Ba\u015fkanlar\u0131 Toplant\u0131s\u0131&#8217;nda a\u00e7\u0131klamalarda bulunuyor.<\/p>\n","protected":false},"author":2,"featured_media":1524,"comment_status":"open","ping_status":"open","sticky":false,"template":"","format":"standard","meta":{"footnotes":""},"categories":[8,6,5],"tags":[],"class_list":["post-1525","post","type-post","status-publish","format-standard","has-post-thumbnail","hentry","category-arsiv","category-gundem","category-son-dakika"],"_links":{"self":[{"href":"https:\/\/eskigazeteci.com\/index.php?rest_route=\/wp\/v2\/posts\/1525","targetHints":{"allow":["GET"]}}],"collection":[{"href":"https:\/\/eskigazeteci.com\/index.php?rest_route=\/wp\/v2\/posts"}],"about":[{"href":"https:\/\/eskigazeteci.com\/index.php?rest_route=\/wp\/v2\/types\/post"}],"author":[{"embeddable":true,"href":"https:\/\/eskigazeteci.com\/index.php?rest_route=\/wp\/v2\/users\/2"}],"replies":[{"embeddable":true,"href":"https:\/\/eskigazeteci.com\/index.php?rest_route=%2Fwp%2Fv2%2Fcomments&post=1525"}],"version-history":[{"count":0,"href":"https:\/\/eskigazeteci.com\/index.php?rest_route=\/wp\/v2\/posts\/1525\/revisions"}],"wp:featuredmedia":[{"embeddable":true,"href":"https:\/\/eskigazeteci.com\/index.php?rest_route=\/wp\/v2\/media\/1524"}],"wp:attachment":[{"href":"https:\/\/eskigazeteci.com\/index.php?rest_route=%2Fwp%2Fv2%2Fmedia&parent=1525"}],"wp:term":[{"taxonomy":"category","embeddable":true,"href":"https:\/\/eskigazeteci.com\/index.php?rest_route=%2Fwp%2Fv2%2Fcategories&post=1525"},{"taxonomy":"post_tag","embeddable":true,"href":"https:\/\/eskigazeteci.com\/index.php?rest_route=%2Fwp%2Fv2%2Ftags&post=1525"}],"curies":[{"name":"wp","href":"https:\/\/api.w.org\/{rel}","templated":true}]}}