{"id":1523,"date":"2026-02-12T11:22:25","date_gmt":"2026-02-12T11:22:25","guid":{"rendered":"https:\/\/eskigazeteci.com\/?p=1523"},"modified":"2026-02-12T11:22:25","modified_gmt":"2026-02-12T11:22:25","slug":"16-yasindaki-gulden-coniyi-30-bicak-darbesiyle-oldurmustu-cezasi-yeniden-yapilan-yargilamada-19-yila-dustu","status":"publish","type":"post","link":"https:\/\/eskigazeteci.com\/?p=1523","title":{"rendered":"16 ya\u015f\u0131ndaki G\u00fclden Coni&#8217;yi 30 b\u0131\u00e7ak darbesiyle \u00f6ld\u00fcrm\u00fc\u015ft\u00fc! Cezas\u0131 yeniden yap\u0131lan yarg\u0131lamada 19 y\u0131la d\u00fc\u015ft\u00fc"},"content":{"rendered":"<p>Olay, 5 Nisan&#x27;da \u00c7avu\u015fbey Mahallesi Horozlu Bay\u0131r Sokak&#x27;taki Edirne Mesleki ve Teknik Anadolu Lisesi&#x27;nin bah\u00e7esinde meydana geldi. Okul bah\u00e7esinde hareketsiz yatan ki\u015fiyi g\u00f6renler, durumu 112 Acil \u00c7a\u011fr\u0131 Merkezi&#x27;ne bildirdi. \u0130hbarla adrese polis ve sa\u011fl\u0131k ekipleri sevk edildi. Sa\u011fl\u0131k ekibinin kontrol\u00fcnde, G\u00fclden Coni oldu\u011fu tespit edilen \u00e7ocu\u011fun b\u0131\u00e7aklanarak \u00f6ld\u00fcr\u00fcld\u00fc\u011f\u00fc belirlendi. Olaya ili\u015fkin soru\u015fturmada cinayet \u015f\u00fcphelisi E.A. yakalan\u0131p g\u00f6zalt\u0131na al\u0131nd\u0131. E.A. i\u015flemlerinin ard\u0131ndan sevk edildi\u011fi adliyede \u00e7\u0131kar\u0131ld\u0131\u011f\u0131 n\u00f6bet\u00e7i hakimlik taraf\u0131ndan tutukland\u0131.<\/p>\n<p>20 YIL HAP\u0130S VER\u0130LD\u0130<\/p>\n<p>Edirne Cumhuriyet Ba\u015fsavc\u0131l\u0131\u011f\u0131 taraf\u0131ndan haz\u0131rlanan iddianamede, E.A. hakk\u0131nda, &#x27;Tasarlayarak, canavarca hisle, eziyet \u00e7ektirerek, \u00e7ocu\u011fa beden ve ruh bak\u0131m\u0131ndan kendini savunamayacak ki\u015fiye kar\u015f\u0131 kad\u0131n\u0131 kasten \u00f6ld\u00fcrme&#x27; su\u00e7undan a\u011f\u0131rla\u015ft\u0131r\u0131lm\u0131\u015f m\u00fcebbet hapis cezas\u0131 istendi. \u0130ddianamede ayr\u0131ca E.A.&#x27;n\u0131n 15 ya\u015f\u0131nda olmas\u0131 nedeniyle TCK&#x27;n\u0131n 31\/3 maddesi uyar\u0131nca indirime gidilmesi talep edilip, 18 y\u0131ldan 24 y\u0131la kadar hapisle en \u00fcst s\u0131n\u0131rdan cezaland\u0131r\u0131lmas\u0131 talep edildi.<\/p>\n<p>Davan\u0131n Edirne 3&#x27;\u00fcnc\u00fc A\u011f\u0131r Ceza Mahkemesi&#x27;nde 26 Eyl\u00fcl\u2019de g\u00f6r\u00fclen ikinci duru\u015fmas\u0131nda san\u0131k E.A. hakk\u0131nda \u00f6nce a\u011f\u0131rla\u015ft\u0131r\u0131lm\u0131\u015f m\u00fcebbet&#8230;<\/p>\n","protected":false},"excerpt":{"rendered":"<p>Edirne\u2019de lise bah\u00e7esinde 16 ya\u015f\u0131ndaki G\u00fclden Coni\u2019yi, 30 b\u0131\u00e7ak darbesiyle \u00f6ld\u00fcren 15 ya\u015f\u0131ndaki E.A., \u2018\u00c7ocu\u011fa ve kad\u0131na kar\u015f\u0131 tasarlayarak kasten \u00f6ld\u00fcrme\u2019&#8230;<\/p>\n","protected":false},"author":2,"featured_media":1522,"comment_status":"open","ping_status":"open","sticky":false,"template":"","format":"standard","meta":{"footnotes":""},"categories":[8,6,5],"tags":[],"class_list":["post-1523","post","type-post","status-publish","format-standard","has-post-thumbnail","hentry","category-arsiv","category-gundem","category-son-dakika"],"_links":{"self":[{"href":"https:\/\/eskigazeteci.com\/index.php?rest_route=\/wp\/v2\/posts\/1523","targetHints":{"allow":["GET"]}}],"collection":[{"href":"https:\/\/eskigazeteci.com\/index.php?rest_route=\/wp\/v2\/posts"}],"about":[{"href":"https:\/\/eskigazeteci.com\/index.php?rest_route=\/wp\/v2\/types\/post"}],"author":[{"embeddable":true,"href":"https:\/\/eskigazeteci.com\/index.php?rest_route=\/wp\/v2\/users\/2"}],"replies":[{"embeddable":true,"href":"https:\/\/eskigazeteci.com\/index.php?rest_route=%2Fwp%2Fv2%2Fcomments&post=1523"}],"version-history":[{"count":0,"href":"https:\/\/eskigazeteci.com\/index.php?rest_route=\/wp\/v2\/posts\/1523\/revisions"}],"wp:featuredmedia":[{"embeddable":true,"href":"https:\/\/eskigazeteci.com\/index.php?rest_route=\/wp\/v2\/media\/1522"}],"wp:attachment":[{"href":"https:\/\/eskigazeteci.com\/index.php?rest_route=%2Fwp%2Fv2%2Fmedia&parent=1523"}],"wp:term":[{"taxonomy":"category","embeddable":true,"href":"https:\/\/eskigazeteci.com\/index.php?rest_route=%2Fwp%2Fv2%2Fcategories&post=1523"},{"taxonomy":"post_tag","embeddable":true,"href":"https:\/\/eskigazeteci.com\/index.php?rest_route=%2Fwp%2Fv2%2Ftags&post=1523"}],"curies":[{"name":"wp","href":"https:\/\/api.w.org\/{rel}","templated":true}]}}