{"id":1521,"date":"2026-02-12T11:20:54","date_gmt":"2026-02-12T11:20:54","guid":{"rendered":"https:\/\/eskigazeteci.com\/?p=1521"},"modified":"2026-02-12T11:20:54","modified_gmt":"2026-02-12T11:20:54","slug":"demiroren-medya-tv-grup-baskani-murat-yanci-aanin-yilin-kareleri-oylamasina-katildi","status":"publish","type":"post","link":"https:\/\/eskigazeteci.com\/?p=1521","title":{"rendered":"Demir\u00f6ren Medya TV Grup Ba\u015fkan\u0131 Murat Yanc\u0131, AA&#8217;n\u0131n Y\u0131l\u0131n Kareleri oylamas\u0131na kat\u0131ld\u0131"},"content":{"rendered":"<p>Yanc\u0131, lifebox, AJet ve ROKETSAN sponsorlu\u011funda d\u00fczenlenen yar\u0131\u015fmada, AA foto muhabirleri ve muhabirlerinin 2025 y\u0131l\u0131nda T\u00fcrkiye ile d\u00fcnya g\u00fcndeminde yank\u0131 bulan toplam 6 kategorideki 112 foto\u011fraf\u0131n\u0131 inceledi.<\/p>\n<p>&quot;Gazze: A\u00e7l\u0131k&quot; kategorisinde tercihini Ahmed Jihad Ibrahim Al-arini&#x27;nin Gazze&#x27;de yetersiz beslenme sorunu ya\u015fayan \u00e7ocu\u011fun \u00f6l\u00fcm tehlikesiyle kar\u015f\u0131 kar\u015f\u0131ya kald\u0131\u011f\u0131n\u0131 anlatan foto\u011fraf\u0131ndan yana kullanan Yanc\u0131, &quot;Portre&quot; kategorisinde Cem \u00d6zdel&#x27;in &quot;Rastgeldi&quot; isimli karesine oy verdi.<\/p>\n<p>Yanc\u0131, &quot; Haber &quot; kategorisinde Ashraf Amra&#x27;n\u0131n &quot;\u0130nsanlar ve bombalar&quot;, &quot;Spor&quot; kategorisinde A\u011f\u0131t Erdi Ulukaya&#x27;n\u0131n &quot;Gelenek ailede ba\u015flar&quot; ba\u015fl\u0131kl\u0131 foto\u011fraf\u0131n\u0131 tercih etti.<\/p>\n<p>&quot;Do\u011fal Ya\u015fam ve \u00c7evre&quot; kategorisinde \u00d6zge Elif K\u0131z\u0131l&#x27;\u0131n &quot;Kirli kanatlar&quot; foto\u011fraf\u0131n\u0131 se\u00e7en Yanc\u0131, &quot;G\u00fcnl\u00fck Hayat&quot; kategorisinde de Fareed Kotb&#x27;un &quot;\u00c7ocuk her yerde \u00e7ocuk&quot; ba\u015fl\u0131kl\u0131 foto\u011fraf\u0131n\u0131 oylad\u0131.<\/p>\n<p>Yanc\u0131, foto\u011fraflar\u0131n tamam\u0131n\u0131n harika oldu\u011funu belirterek, se\u00e7im yaparken \u00e7ok zorland\u0131\u011f\u0131n\u0131 s\u00f6yledi.<\/p>\n<p>Foto\u011fraflar\u0131 \u00e7eken t\u00fcm arkada\u015flar\u0131 tebrik etti\u011fini belirten Yanc\u0131, karelerin d\u00fcnya \u00e7ap\u0131nda oldu\u011funu kaydetti. Hem hikayeleri hem de \u00e7ekim teknikleri a\u00e7\u0131s\u0131ndan \u00e7ok keyif verici foto\u011fraflar\u0131n oylamada oldu\u011funu aktaran Yanc\u0131, adeta bir&#8230;<\/p>\n","protected":false},"excerpt":{"rendered":"<p>Demir\u00f6ren Medya TV Grup Ba\u015fkan\u0131 ve CNN T\u00fcrk Genel M\u00fcd\u00fcr\u00fc Murat Yanc\u0131, Anadolu Ajans\u0131n\u0131n (AA) g\u00f6z\u00fcnden 2025&#8217;e damga vuran olaylara ait foto\u011fraflar\u0131n yer&#8230;<\/p>\n","protected":false},"author":2,"featured_media":1520,"comment_status":"open","ping_status":"open","sticky":false,"template":"","format":"standard","meta":{"footnotes":""},"categories":[8,6,5],"tags":[],"class_list":["post-1521","post","type-post","status-publish","format-standard","has-post-thumbnail","hentry","category-arsiv","category-gundem","category-son-dakika"],"_links":{"self":[{"href":"https:\/\/eskigazeteci.com\/index.php?rest_route=\/wp\/v2\/posts\/1521","targetHints":{"allow":["GET"]}}],"collection":[{"href":"https:\/\/eskigazeteci.com\/index.php?rest_route=\/wp\/v2\/posts"}],"about":[{"href":"https:\/\/eskigazeteci.com\/index.php?rest_route=\/wp\/v2\/types\/post"}],"author":[{"embeddable":true,"href":"https:\/\/eskigazeteci.com\/index.php?rest_route=\/wp\/v2\/users\/2"}],"replies":[{"embeddable":true,"href":"https:\/\/eskigazeteci.com\/index.php?rest_route=%2Fwp%2Fv2%2Fcomments&post=1521"}],"version-history":[{"count":0,"href":"https:\/\/eskigazeteci.com\/index.php?rest_route=\/wp\/v2\/posts\/1521\/revisions"}],"wp:featuredmedia":[{"embeddable":true,"href":"https:\/\/eskigazeteci.com\/index.php?rest_route=\/wp\/v2\/media\/1520"}],"wp:attachment":[{"href":"https:\/\/eskigazeteci.com\/index.php?rest_route=%2Fwp%2Fv2%2Fmedia&parent=1521"}],"wp:term":[{"taxonomy":"category","embeddable":true,"href":"https:\/\/eskigazeteci.com\/index.php?rest_route=%2Fwp%2Fv2%2Fcategories&post=1521"},{"taxonomy":"post_tag","embeddable":true,"href":"https:\/\/eskigazeteci.com\/index.php?rest_route=%2Fwp%2Fv2%2Ftags&post=1521"}],"curies":[{"name":"wp","href":"https:\/\/api.w.org\/{rel}","templated":true}]}}