{"id":1519,"date":"2026-02-12T11:19:22","date_gmt":"2026-02-12T11:19:22","guid":{"rendered":"https:\/\/eskigazeteci.com\/?p=1519"},"modified":"2026-02-12T11:19:22","modified_gmt":"2026-02-12T11:19:22","slug":"bm-raporu-suriye-cumhurbaskani-saraya-yonelik-suikast-girisimlerini-ortaya-cikardi","status":"publish","type":"post","link":"https:\/\/eskigazeteci.com\/?p=1519","title":{"rendered":"BM raporu, Suriye Cumhurba\u015fkan\u0131 \u015eara&#8217;ya y\u00f6nelik suikast giri\u015fimlerini ortaya \u00e7\u0131kard\u0131"},"content":{"rendered":"<p>BM Ter\u00f6rle M\u00fccadele Ofisi\u2019nin haz\u0131rlad\u0131\u011f\u0131 raporda, Suriye Cumhurba\u015fkan\u0131 \u015eara, \u0130\u00e7i\u015fleri ve D\u0131\u015fi\u015fleri Bakanlar\u0131n\u0131n ge\u00e7en y\u0131l 5 suikast giri\u015fiminin hedefi oldu\u011fu ancak bunlar\u0131n \u00f6nlendi\u011fi belirtildi.<\/p>\n<p>Suriye Cumhurba\u015fkan\u0131 \u015eara\u2019n\u0131n Halep \u2019in kuzeyi ve Dera \u2019n\u0131n g\u00fcneyinde \u201chedef al\u0131nd\u0131\u011f\u0131\u201d aktar\u0131lan raporda, bu giri\u015fimlerin, &quot;ter\u00f6r \u00f6rg\u00fct\u00fc DEA\u015e\u2019\u0131n paravan \u00f6rg\u00fct\u00fc oldu\u011fu de\u011ferlendirilen Ensar el Sunne taraf\u0131ndan ger\u00e7ekle\u015ftirildi\u011fi&quot; vurguland\u0131.<\/p>\n<p>Raporda, suikast giri\u015fimlerine ili\u015fkin tarih \u200b\u200bveya ayr\u0131nt\u0131lara yer verilmezken, \u015eara\u2019n\u0131n, DEA\u015e&#x27;\u0131n \u201cbirincil hedefi olarak de\u011ferlendirildi\u011fi\u201d ve bu giri\u015fimlerin Suriye h\u00fck\u00fcmetini zay\u0131flatma niyetinin kan\u0131t\u0131 oldu\u011fu ifade edildi.<\/p>\n<p>Yurtd\u0131\u015f\u0131nda ya\u015fanan en son olaylar, d\u00fcnya g\u00fcndemine oturan d\u0131\u015f haberler, son dakika d\u00fcnya haberleri, di\u011fer d\u00fcnya \u00fclkelerinden g\u00fcncel haberler i\u00e7in T\u00fcrkiye&#x27;nin haber sitesi hurriyet.com.tr; Hurriyet.com.tr haber i\u00e7erikleri kaynak g\u00f6sterilmeden al\u0131nt\u0131 yap\u0131lamaz, Kanuna ayk\u0131r\u0131 ve izinsiz olarak kopyalanamaz, ba\u015fka yerde yay\u0131nlanamaz.<\/p>\n","protected":false},"excerpt":{"rendered":"<p>Birle\u015fmi\u015f Milletler (BM) raporunda, Suriye Cumhurba\u015fkan\u0131 Ahmed \u015eara, Suriye \u0130\u00e7i\u015fleri Bakan\u0131 Enes Hattab ve Suriye D\u0131\u015fi\u015fleri Bakan\u0131 Esad Hasan \u015eeybani\u2019ye&#8230;<\/p>\n","protected":false},"author":2,"featured_media":1518,"comment_status":"open","ping_status":"open","sticky":false,"template":"","format":"standard","meta":{"footnotes":""},"categories":[8,6,5],"tags":[],"class_list":["post-1519","post","type-post","status-publish","format-standard","has-post-thumbnail","hentry","category-arsiv","category-gundem","category-son-dakika"],"_links":{"self":[{"href":"https:\/\/eskigazeteci.com\/index.php?rest_route=\/wp\/v2\/posts\/1519","targetHints":{"allow":["GET"]}}],"collection":[{"href":"https:\/\/eskigazeteci.com\/index.php?rest_route=\/wp\/v2\/posts"}],"about":[{"href":"https:\/\/eskigazeteci.com\/index.php?rest_route=\/wp\/v2\/types\/post"}],"author":[{"embeddable":true,"href":"https:\/\/eskigazeteci.com\/index.php?rest_route=\/wp\/v2\/users\/2"}],"replies":[{"embeddable":true,"href":"https:\/\/eskigazeteci.com\/index.php?rest_route=%2Fwp%2Fv2%2Fcomments&post=1519"}],"version-history":[{"count":0,"href":"https:\/\/eskigazeteci.com\/index.php?rest_route=\/wp\/v2\/posts\/1519\/revisions"}],"wp:featuredmedia":[{"embeddable":true,"href":"https:\/\/eskigazeteci.com\/index.php?rest_route=\/wp\/v2\/media\/1518"}],"wp:attachment":[{"href":"https:\/\/eskigazeteci.com\/index.php?rest_route=%2Fwp%2Fv2%2Fmedia&parent=1519"}],"wp:term":[{"taxonomy":"category","embeddable":true,"href":"https:\/\/eskigazeteci.com\/index.php?rest_route=%2Fwp%2Fv2%2Fcategories&post=1519"},{"taxonomy":"post_tag","embeddable":true,"href":"https:\/\/eskigazeteci.com\/index.php?rest_route=%2Fwp%2Fv2%2Ftags&post=1519"}],"curies":[{"name":"wp","href":"https:\/\/api.w.org\/{rel}","templated":true}]}}