{"id":1517,"date":"2026-02-12T11:17:50","date_gmt":"2026-02-12T11:17:50","guid":{"rendered":"https:\/\/eskigazeteci.com\/?p=1517"},"modified":"2026-02-12T11:17:50","modified_gmt":"2026-02-12T11:17:50","slug":"lubnanli-siyasetci-turkiyenin-suriyedeki-rolune-dikkat-cekti-takdir-ve-tesekkur-etmek-gerekir","status":"publish","type":"post","link":"https:\/\/eskigazeteci.com\/?p=1517","title":{"rendered":"L\u00fcbnanl\u0131 siyaset\u00e7i, T\u00fcrkiye&#8217;nin Suriye&#8217;deki rol\u00fcne dikkat \u00e7ekti: &#8216;Takdir ve te\u015fekk\u00fcr etmek gerekir&#8217;"},"content":{"rendered":"<p>Ahmed Hariri, eski ba\u015fbakanlardan Refik Hariri&#x27;nin suikastla \u00f6ld\u00fcr\u00fclmesinin 21. y\u0131l d\u00f6n\u00fcm\u00fc dolay\u0131s\u0131yla, 2022&#x27;de siyasi faaliyetlerini ask\u0131ya alan Hareketin gelecek planlar\u0131n\u0131, b\u00f6lgesel geli\u015fmeleri, T\u00fcrkiye&#x27;nin b\u00f6lgede \u00fcstlendi\u011fi rol\u00fc ve Suriye-L\u00fcbnan ili\u015fkilerini de\u011ferlendirdi.<\/p>\n<p>Refik Hariri&#x27;nin o\u011flu eski Ba\u015fbakan Saad Hariri, 2022&#x27;de siyasi faaliyetlerini &quot;ask\u0131ya ald\u0131\u011f\u0131n\u0131&quot;, o y\u0131l yap\u0131lacak milletvekili se\u00e7imlerinde aday olmayaca\u011f\u0131n\u0131 ve \u00fclkedeki en b\u00fcy\u00fck S\u00fcnni olu\u015fum olan M\u00fcstakbel Hareketi&#x27;nin de herhangi bir aday g\u00f6stermeyece\u011fini a\u00e7\u0131klam\u0131\u015ft\u0131.<\/p>\n<p>L\u00fcbnan kamuoyu, Saad Hariri&#x27;nin, babas\u0131 Refik Hariri&#x27;nin \u00f6ld\u00fcr\u00fclmesinin y\u0131l d\u00f6n\u00fcm\u00fc olan 14 \u015eubat&#x27;ta yeniden siyasete d\u00f6n\u00fc\u015f\u00fcn\u00fc a\u00e7\u0131klayabilece\u011fi ihtimalini yak\u0131ndan takip ediyor.<\/p>\n<p>Hareketin Genel Sekreteri Ahmed Hariri, Suriye&#x27;de Be\u015far Esad rejiminin 8 Aral\u0131k 2024&#x27;te devrilmesinin b\u00f6lgede b\u00fcy\u00fck d\u00f6n\u00fc\u015f\u00fcmlere yol a\u00e7t\u0131\u011f\u0131n\u0131 s\u00f6yledi.<\/p>\n<p>M\u00fcstakbel Hareketi Genel Sekreteri Ahmed Hariri<\/p>\n<p>T\u00dcRK\u0130YE&#x27;N\u0130N &#x27;B\u00dcY\u00dcK ROL\u00dc&#x27;<\/p>\n<p>Ahmed Hariri, &quot;Burada \u00f6zellikle Cumhurba\u015fkan\u0131 Recep Tayyip Erdo\u011fan&#x27;\u0131n ve genel olarak T\u00fcrkiye&#x27;nin bu zorlu ge\u00e7i\u015f s\u00fcrecinde Suriye&#x27;de istikrar\u0131n desteklenmesinde oynad\u0131\u011f\u0131 b\u00fcy\u00fck rol\u00fc takdir etmek ve (ona) te\u015fekk\u00fcr etmek gerekir. Ayn\u0131 \u015fekilde&#8230;<\/p>\n","protected":false},"excerpt":{"rendered":"<p>Be\u015far Esad rejiminin 8 Aral\u0131k 2024\u2019te devrilmesinin b\u00f6lgede b\u00fcy\u00fck d\u00f6n\u00fc\u015f\u00fcmlere yol a\u00e7t\u0131\u011f\u0131n\u0131 ifade eden L\u00fcbnan&#8217;da M\u00fcstakbel Hareketi Genel Sekreteri ve suikast&#8230;<\/p>\n","protected":false},"author":2,"featured_media":1516,"comment_status":"open","ping_status":"open","sticky":false,"template":"","format":"standard","meta":{"footnotes":""},"categories":[8,6,5],"tags":[],"class_list":["post-1517","post","type-post","status-publish","format-standard","has-post-thumbnail","hentry","category-arsiv","category-gundem","category-son-dakika"],"_links":{"self":[{"href":"https:\/\/eskigazeteci.com\/index.php?rest_route=\/wp\/v2\/posts\/1517","targetHints":{"allow":["GET"]}}],"collection":[{"href":"https:\/\/eskigazeteci.com\/index.php?rest_route=\/wp\/v2\/posts"}],"about":[{"href":"https:\/\/eskigazeteci.com\/index.php?rest_route=\/wp\/v2\/types\/post"}],"author":[{"embeddable":true,"href":"https:\/\/eskigazeteci.com\/index.php?rest_route=\/wp\/v2\/users\/2"}],"replies":[{"embeddable":true,"href":"https:\/\/eskigazeteci.com\/index.php?rest_route=%2Fwp%2Fv2%2Fcomments&post=1517"}],"version-history":[{"count":0,"href":"https:\/\/eskigazeteci.com\/index.php?rest_route=\/wp\/v2\/posts\/1517\/revisions"}],"wp:featuredmedia":[{"embeddable":true,"href":"https:\/\/eskigazeteci.com\/index.php?rest_route=\/wp\/v2\/media\/1516"}],"wp:attachment":[{"href":"https:\/\/eskigazeteci.com\/index.php?rest_route=%2Fwp%2Fv2%2Fmedia&parent=1517"}],"wp:term":[{"taxonomy":"category","embeddable":true,"href":"https:\/\/eskigazeteci.com\/index.php?rest_route=%2Fwp%2Fv2%2Fcategories&post=1517"},{"taxonomy":"post_tag","embeddable":true,"href":"https:\/\/eskigazeteci.com\/index.php?rest_route=%2Fwp%2Fv2%2Ftags&post=1517"}],"curies":[{"name":"wp","href":"https:\/\/api.w.org\/{rel}","templated":true}]}}