{"id":1515,"date":"2026-02-12T11:16:18","date_gmt":"2026-02-12T11:16:18","guid":{"rendered":"https:\/\/eskigazeteci.com\/?p=1515"},"modified":"2026-02-12T11:16:18","modified_gmt":"2026-02-12T11:16:18","slug":"ajet-ramazan-kampanyasi-2026-tarihleri","status":"publish","type":"post","link":"https:\/\/eskigazeteci.com\/?p=1515","title":{"rendered":"AJET RAMAZAN KAMPANYASI 2026 TAR\u0130HLER\u0130"},"content":{"rendered":"<p>AJet, Ramazan ay\u0131 i\u00e7erisinde yurt i\u00e7i seyahat planlar\u0131 olanlar i\u00e7in indirimli bilet kampanyas\u0131 ba\u015flatt\u0131. \u015eirketten yap\u0131lan a\u00e7\u0131klamaya g\u00f6re, belirlenen tarihler aras\u0131nda seyahat edecekler, t\u00fcm i\u00e7 hat u\u00e7u\u015flar\u0131nda ge\u00e7erli y\u00fczde 20 indirimden yararlanabilecek. Peki, AJet ucuza u\u00e7ak bileti nas\u0131l al\u0131n\u0131r, \u015fartlar\u0131 neler? \u0130\u015fte, Ajet bilet kampanyas\u0131 2026 tarihleri<\/p>\n<p>AJet, Ramazan ay\u0131na \u00f6zel kampanyas\u0131yla t\u00fcm yurt i\u00e7i u\u00e7u\u015flarda ge\u00e7erli y\u00fczde 20 indirim f\u0131rsat\u0131 sunuyor. 11\u201312 \u015eubat\u2019ta al\u0131nacak biletlerle yolcular, 18 \u015eubat\u201312 Mart tarihleri aras\u0131nda avantajl\u0131 fiyatlarla seyahat edebilecek. Yurt i\u00e7i ve yurt d\u0131\u015f\u0131nda a\u00e7t\u0131\u011f\u0131 yeni hatlarla u\u00e7u\u015f a\u011f\u0131n\u0131 geni\u015fleten AJet, Ramazan ay\u0131na \u00f6zel ba\u015flatt\u0131\u011f\u0131 kampanya ile yolcular t\u00fcm i\u00e7 hat u\u00e7u\u015flar\u0131nda ge\u00e7erli y\u00fczde 20 indirimden yararlanabilecek.<\/p>\n<p>AJet, Ramazan ay\u0131na \u00f6zel kampanyas\u0131yla t\u00fcm yurt i\u00e7i u\u00e7u\u015flarda ge\u00e7erli y\u00fczde 20 indirim f\u0131rsat\u0131 sunuyor. 11\u201312 \u015eubat\u2019ta al\u0131nacak biletlerle yolcular, 18 \u015eubat\u201312 Mart tarihleri aras\u0131nda avantajl\u0131 fiyatlarla seyahat edebilecek.<\/p>\n<p>Yurt i\u00e7i ve yurt d\u0131\u015f\u0131nda a\u00e7t\u0131\u011f\u0131 yeni hatlarla u\u00e7u\u015f a\u011f\u0131n\u0131 geni\u015fleten AJet, Ramazan ay\u0131na \u00f6zel ba\u015flatt\u0131\u011f\u0131 kampanya ile yolcular t\u00fcm i\u00e7 hat u\u00e7u\u015flar\u0131nda ge\u00e7erli y\u00fczde 20 indirimden&#8230;<\/p>\n","protected":false},"excerpt":{"rendered":"<p>AJET, Ramazan ay\u0131na \u00f6zel olarak yurt i\u00e7i u\u00e7ularda ge\u00e7erli \u00f6zel bir kampanya ba\u015flatt\u0131. \u015eubat ve Mart aylar\u0131nda belirlenen tarihlerdeki u\u00e7u\u015flar\u0131 kapsayan&#8230;<\/p>\n","protected":false},"author":2,"featured_media":1514,"comment_status":"open","ping_status":"open","sticky":false,"template":"","format":"standard","meta":{"footnotes":""},"categories":[8,6,5],"tags":[],"class_list":["post-1515","post","type-post","status-publish","format-standard","has-post-thumbnail","hentry","category-arsiv","category-gundem","category-son-dakika"],"_links":{"self":[{"href":"https:\/\/eskigazeteci.com\/index.php?rest_route=\/wp\/v2\/posts\/1515","targetHints":{"allow":["GET"]}}],"collection":[{"href":"https:\/\/eskigazeteci.com\/index.php?rest_route=\/wp\/v2\/posts"}],"about":[{"href":"https:\/\/eskigazeteci.com\/index.php?rest_route=\/wp\/v2\/types\/post"}],"author":[{"embeddable":true,"href":"https:\/\/eskigazeteci.com\/index.php?rest_route=\/wp\/v2\/users\/2"}],"replies":[{"embeddable":true,"href":"https:\/\/eskigazeteci.com\/index.php?rest_route=%2Fwp%2Fv2%2Fcomments&post=1515"}],"version-history":[{"count":0,"href":"https:\/\/eskigazeteci.com\/index.php?rest_route=\/wp\/v2\/posts\/1515\/revisions"}],"wp:featuredmedia":[{"embeddable":true,"href":"https:\/\/eskigazeteci.com\/index.php?rest_route=\/wp\/v2\/media\/1514"}],"wp:attachment":[{"href":"https:\/\/eskigazeteci.com\/index.php?rest_route=%2Fwp%2Fv2%2Fmedia&parent=1515"}],"wp:term":[{"taxonomy":"category","embeddable":true,"href":"https:\/\/eskigazeteci.com\/index.php?rest_route=%2Fwp%2Fv2%2Fcategories&post=1515"},{"taxonomy":"post_tag","embeddable":true,"href":"https:\/\/eskigazeteci.com\/index.php?rest_route=%2Fwp%2Fv2%2Ftags&post=1515"}],"curies":[{"name":"wp","href":"https:\/\/api.w.org\/{rel}","templated":true}]}}