{"id":1513,"date":"2026-02-12T11:06:18","date_gmt":"2026-02-12T11:06:18","guid":{"rendered":"https:\/\/eskigazeteci.com\/?p=1513"},"modified":"2026-02-12T11:06:18","modified_gmt":"2026-02-12T11:06:18","slug":"kar-yagisi-basladi-bircok-kent-beyaza-burundu-kar-kalinligi-3-metreye-ulasti","status":"publish","type":"post","link":"https:\/\/eskigazeteci.com\/?p=1513","title":{"rendered":"Kar ya\u011f\u0131\u015f\u0131 ba\u015flad\u0131: Bir\u00e7ok kent beyaza b\u00fcr\u00fcnd\u00fc! Kar kal\u0131nl\u0131\u011f\u0131 3 metreye ula\u015ft\u0131"},"content":{"rendered":"<p>Van, Mu\u015f, Hakkari ve Bitlis&#x27;te olumsuz hava ko\u015fullar\u0131 nedeniyle 307 yerle\u015fim yerine ula\u015f\u0131m sa\u011flanam\u0131yor. Van B\u00fcy\u00fck\u015fehir Belediyesinden yap\u0131lan a\u00e7\u0131klamaya g\u00f6re, kentte etkili olan kar ve tipi nedeniyle 143 yerle\u015fim yerinin yolu kapand\u0131.<\/p>\n<p>Van, Mu\u015f, Hakkari ve Bitlis&#x27;te olumsuz hava ko\u015fullar\u0131 nedeniyle 307 yerle\u015fim yerine ula\u015f\u0131m sa\u011flanam\u0131yor.<\/p>\n<p>Van B\u00fcy\u00fck\u015fehir Belediyesinden yap\u0131lan a\u00e7\u0131klamaya g\u00f6re, kentte etkili olan kar ve tipi nedeniyle 143 yerle\u015fim yerinin yolu kapand\u0131.<\/p>\n<p>Karla m\u00fccadele ekipleri, kapal\u0131 yollar\u0131n a\u00e7\u0131lmas\u0131 i\u00e7in \u00e7al\u0131\u015fmalar\u0131n\u0131 s\u00fcrd\u00fcr\u00fcyor. \u00c7ald\u0131ran il\u00e7esinde ise olumsuz hava ko\u015fullar\u0131 nedeniyle e\u011fitime bir g\u00fcn ara verildi.<\/p>\n<p>Karla m\u00fccadele ekipleri, kapal\u0131 yollar\u0131n a\u00e7\u0131lmas\u0131 i\u00e7in \u00e7al\u0131\u015fmalar\u0131n\u0131 s\u00fcrd\u00fcr\u00fcyor.<\/p>\n<p>\u00c7ald\u0131ran il\u00e7esinde ise olumsuz hava ko\u015fullar\u0131 nedeniyle e\u011fitime bir g\u00fcn ara verildi.<\/p>\n<p>MU\u015e Kentte kar nedeniyle ula\u015f\u0131mda aksakl\u0131klar meydana geldi. \u0130l merkezi ve il\u00e7elerde kar ve tipi nedeniyle 44 k\u00f6ye ula\u015f\u0131m sa\u011flanam\u0131yor.<\/p>\n<p>MU\u015e<\/p>\n<p>Kentte kar nedeniyle ula\u015f\u0131mda aksakl\u0131klar meydana geldi.<\/p>\n<p>\u0130l merkezi ve il\u00e7elerde kar ve tipi nedeniyle 44 k\u00f6ye ula\u015f\u0131m sa\u011flanam\u0131yor.<\/p>\n<p>\u0130l \u00d6zel \u0130daresi Genel Sekreteri \u015eeyhmus Yent\u00fcr, y\u00fcksek kesimlerde kar ya\u011f\u0131\u015f\u0131n\u0131n etkili oldu\u011funu s\u00f6yledi. Kentte&#8230;<\/p>\n","protected":false},"excerpt":{"rendered":"<p>Meteoroloji Genel M\u00fcd\u00fcrl\u00fc\u011f\u00fcn\u00fcn uyar\u0131lar\u0131n\u0131n ard\u0131ndan bir\u00e7ok il ve il\u00e7elerde sabah saatlerinde ba\u015flayan kar ya\u011f\u0131\u015f\u0131, etkisini art\u0131rarak devam ediyor. Ya\u011f\u0131\u015fla&#8230;<\/p>\n","protected":false},"author":2,"featured_media":1512,"comment_status":"open","ping_status":"open","sticky":false,"template":"","format":"standard","meta":{"footnotes":""},"categories":[8,6,5],"tags":[],"class_list":["post-1513","post","type-post","status-publish","format-standard","has-post-thumbnail","hentry","category-arsiv","category-gundem","category-son-dakika"],"_links":{"self":[{"href":"https:\/\/eskigazeteci.com\/index.php?rest_route=\/wp\/v2\/posts\/1513","targetHints":{"allow":["GET"]}}],"collection":[{"href":"https:\/\/eskigazeteci.com\/index.php?rest_route=\/wp\/v2\/posts"}],"about":[{"href":"https:\/\/eskigazeteci.com\/index.php?rest_route=\/wp\/v2\/types\/post"}],"author":[{"embeddable":true,"href":"https:\/\/eskigazeteci.com\/index.php?rest_route=\/wp\/v2\/users\/2"}],"replies":[{"embeddable":true,"href":"https:\/\/eskigazeteci.com\/index.php?rest_route=%2Fwp%2Fv2%2Fcomments&post=1513"}],"version-history":[{"count":0,"href":"https:\/\/eskigazeteci.com\/index.php?rest_route=\/wp\/v2\/posts\/1513\/revisions"}],"wp:featuredmedia":[{"embeddable":true,"href":"https:\/\/eskigazeteci.com\/index.php?rest_route=\/wp\/v2\/media\/1512"}],"wp:attachment":[{"href":"https:\/\/eskigazeteci.com\/index.php?rest_route=%2Fwp%2Fv2%2Fmedia&parent=1513"}],"wp:term":[{"taxonomy":"category","embeddable":true,"href":"https:\/\/eskigazeteci.com\/index.php?rest_route=%2Fwp%2Fv2%2Fcategories&post=1513"},{"taxonomy":"post_tag","embeddable":true,"href":"https:\/\/eskigazeteci.com\/index.php?rest_route=%2Fwp%2Fv2%2Ftags&post=1513"}],"curies":[{"name":"wp","href":"https:\/\/api.w.org\/{rel}","templated":true}]}}