{"id":1501,"date":"2026-02-12T10:37:49","date_gmt":"2026-02-12T10:37:49","guid":{"rendered":"https:\/\/eskigazeteci.com\/?p=1501"},"modified":"2026-02-12T10:37:49","modified_gmt":"2026-02-12T10:37:49","slug":"cumhurbaskani-erdoganin-cozum-cagrisi-yunanistanda-olumlu-karsilandi","status":"publish","type":"post","link":"https:\/\/eskigazeteci.com\/?p=1501","title":{"rendered":"Cumhurba\u015fkan\u0131 Erdo\u011fan&#8217;\u0131n \u00e7\u00f6z\u00fcm \u00e7a\u011fr\u0131s\u0131 Yunanistan&#8217;da olumlu kar\u015f\u0131land\u0131"},"content":{"rendered":"<p>Yerapetritis, Yunanistan Devlet Televizyonu ERT&#x27;e verdi\u011fi r\u00f6portajda, Yunanistan Ba\u015fbakan\u0131 Kiryakos Mi\u00e7otakis&#x27;in d\u00fcn T\u00fcrkiye&#x27;de Cumhurba\u015fkan\u0131 Recep Tayyip Erdo\u011fan ile yapt\u0131\u011f\u0131 g\u00f6r\u00fc\u015fme ve T\u00fcrkiye-Yunanistan 6. Y\u00fcksek D\u00fczeyli \u0130\u015fbirli\u011fi Konseyi Heyetleraras\u0131 G\u00f6r\u00fc\u015fmelerine ili\u015fkin konu\u015ftu.<\/p>\n<p>Son y\u0131llarda ikili ili\u015fkilerde esas al\u0131nan siyasi diyalog , pozitif g\u00fcndem ve g\u00fcven art\u0131r\u0131c\u0131 tedbirler temelindeki diyalo\u011fun \u00f6nemli sonu\u00e7lar do\u011furdu\u011funu vurgulayan Yerapetritis, b\u00fcy\u00fck sorunlar\u0131n hala \u00e7\u00f6z\u00fcm beklemesine ra\u011fmen iki \u00fclke aras\u0131nda i\u015flevsel iyi kom\u015fuluk ili\u015fkisinin geli\u015ftirildi\u011fini belirtti.<\/p>\n<p>D\u00fcnk\u00fc heyetler aras\u0131 g\u00f6r\u00fc\u015fmelerde ikili ticaret , g\u00f6\u00e7, sivil savunma, k\u00fclt\u00fcr gibi bir\u00e7ok konunun ele al\u0131nd\u0131\u011f\u0131na i\u015faret eden Yerapetritis, &quot;Bu ileti\u015fim sayesinde kriz ya\u015fanmayaca\u011f\u0131na dair \u0131l\u0131ml\u0131 bir iyimserli\u011fe sahip olabiliriz.&quot; dedi.<\/p>\n<p>Yunanistan D\u0131\u015fi\u015fleri Bakan\u0131 Yorgos Yerapetritis<\/p>\n<p>&#x27;M\u00dcZAKERE \u00c7ER\u00c7EVES\u0130 OTURTULAMADI&#x27;<\/p>\n<p>Yerapetritis, ikili ili\u015fkilerdeki zor sorunlar\u0131n \u00e7\u00f6z\u00fcm\u00fc i\u00e7in hen\u00fcz m\u00fczakere \u00e7er\u00e7evesinin olu\u015fturulamad\u0131\u011f\u0131n\u0131 hat\u0131rlatarak, &quot;\u0130ki lider de ortak bir noktada bulunuyor. Ortak nokta \u015fudur ki ili\u015fkilerimizde gerginliklerimizi idare edebilece\u011fimiz ve ileti\u015fim kanallar\u0131n\u0131 kullanabilece\u011fimiz&#8230;<\/p>\n","protected":false},"excerpt":{"rendered":"<p>Yunanistan D\u0131\u015fi\u015fleri Bakan\u0131 Yorgos Yerapetritis, Cumhurba\u015fkan\u0131 Recep Tayyip Erdo\u011fan&#8217;\u0131n iki \u00fclke aras\u0131ndaki sorunlar\u0131n \u00e7\u00f6z\u00fcm\u00fc amac\u0131yla uluslararas\u0131 hukuka&#8230;<\/p>\n","protected":false},"author":2,"featured_media":1500,"comment_status":"open","ping_status":"open","sticky":false,"template":"","format":"standard","meta":{"footnotes":""},"categories":[8,6,5],"tags":[],"class_list":["post-1501","post","type-post","status-publish","format-standard","has-post-thumbnail","hentry","category-arsiv","category-gundem","category-son-dakika"],"_links":{"self":[{"href":"https:\/\/eskigazeteci.com\/index.php?rest_route=\/wp\/v2\/posts\/1501","targetHints":{"allow":["GET"]}}],"collection":[{"href":"https:\/\/eskigazeteci.com\/index.php?rest_route=\/wp\/v2\/posts"}],"about":[{"href":"https:\/\/eskigazeteci.com\/index.php?rest_route=\/wp\/v2\/types\/post"}],"author":[{"embeddable":true,"href":"https:\/\/eskigazeteci.com\/index.php?rest_route=\/wp\/v2\/users\/2"}],"replies":[{"embeddable":true,"href":"https:\/\/eskigazeteci.com\/index.php?rest_route=%2Fwp%2Fv2%2Fcomments&post=1501"}],"version-history":[{"count":0,"href":"https:\/\/eskigazeteci.com\/index.php?rest_route=\/wp\/v2\/posts\/1501\/revisions"}],"wp:featuredmedia":[{"embeddable":true,"href":"https:\/\/eskigazeteci.com\/index.php?rest_route=\/wp\/v2\/media\/1500"}],"wp:attachment":[{"href":"https:\/\/eskigazeteci.com\/index.php?rest_route=%2Fwp%2Fv2%2Fmedia&parent=1501"}],"wp:term":[{"taxonomy":"category","embeddable":true,"href":"https:\/\/eskigazeteci.com\/index.php?rest_route=%2Fwp%2Fv2%2Fcategories&post=1501"},{"taxonomy":"post_tag","embeddable":true,"href":"https:\/\/eskigazeteci.com\/index.php?rest_route=%2Fwp%2Fv2%2Ftags&post=1501"}],"curies":[{"name":"wp","href":"https:\/\/api.w.org\/{rel}","templated":true}]}}