{"id":1499,"date":"2026-02-12T10:36:18","date_gmt":"2026-02-12T10:36:18","guid":{"rendered":"https:\/\/eskigazeteci.com\/?p=1499"},"modified":"2026-02-12T10:36:18","modified_gmt":"2026-02-12T10:36:18","slug":"bu-yastan-sonra-yuva-kurmaya-niyetlendi-eski-kocasi-hemen-ayaklandi-hayir-efendim-evlenemezsin","status":"publish","type":"post","link":"https:\/\/eskigazeteci.com\/?p=1499","title":{"rendered":"Bu ya\u015ftan sonra yuva kurmaya niyetlendi: Eski kocas\u0131 hemen ayakland\u0131: Hay\u0131r efendim, evlenemezsin!"},"content":{"rendered":"<p>Onunla ilgili ba\u015fka bir ayr\u0131nt\u0131 daha var&#8230; \u0130yi bir oyuncu oldu\u011fu kadar &quot;han\u0131m han\u0131mc\u0131k&quot; ad\u0131 s\u00f6ylentilere kar\u0131\u015fmayan bir \u00fcnl\u00fc ayn\u0131 zamanda. \u00d6zel hayat\u0131n\u0131 da gayet g\u00f6zlerden uzak bir \u015fekilde ya\u015f\u0131yor.<\/p>\n<p>Ama son bir bu\u00e7uk y\u0131ld\u0131r hayat\u0131 boyunca olmad\u0131\u011f\u0131 kadar \u00e7ok fazla a\u015fk s\u00f6ylentilerinin merkezine gelmeye ba\u015flad\u0131.<\/p>\n<p>\u015eimdi de onunla ve neredeyse kimseye s\u00f6ylemeden yollar\u0131n\u0131 ay\u0131rd\u0131\u011f\u0131 kocas\u0131yla ilgili ba\u015fka bir iddia ile g\u00fcndemde&#8230;<\/p>\n<p>A\u015eK S\u00d6YLENT\u0130LER\u0130 YETMED\u0130 SIRADA EVL\u0130L\u0130K VAR Bu anlatt\u0131\u011f\u0131m\u0131z \u00fcnl\u00fc Meryl Streep\u2026<\/p>\n<p>Art\u0131k konuyu takip edenlerin bildi\u011fi gibi 76 ya\u015f\u0131ndaki Streep, bir s\u00fcredir bir projede birlikte rol ald\u0131\u011f\u0131 Martin Short ile a\u015fk ya\u015fad\u0131\u011f\u0131 iddialar\u0131yla konu\u015fuluyor.<\/p>\n<p>Kendileri bu konuyu do\u011frulamam\u0131\u015f olsalar bile yak\u0131n \u00e7evrelerine g\u00f6re sette ba\u015flayan a\u015fk \u00e7oktan ger\u00e7ek hayata ta\u015f\u0131nd\u0131, ate\u015f bacay\u0131 \u00e7oktan sard\u0131.<\/p>\n<p>Di\u011fer yandan Meryl Streep, 1978&#x27;de evlenip 2017&#x27;de yollar\u0131n\u0131 ay\u0131rd\u0131\u011f\u0131 kocas\u0131 79 ya\u015f\u0131ndaki Don Gummer ile \u00e7ok uzun s\u00fcre hayat\u0131 payla\u015ft\u0131.<\/p>\n<p>Her ne kadar resmen bo\u015fanmam\u0131\u015f olsalar da dokuz y\u0131ld\u0131r ayn\u0131 evde bile ya\u015fam\u0131yorlar.<\/p>\n<p>KA\u011eIT \u00dcZER\u0130NDE HALA EVL\u0130LER Meryl Streep ile 75 ya\u015f\u0131ndaki Martin Short aras\u0131ndaki yak\u0131nl\u0131k da giderek art\u0131yor. Hatta iddialara g\u00f6re aralar\u0131nda &quot;evlilik&quot; s\u00f6z\u00fc&#8230;<\/p>\n","protected":false},"excerpt":{"rendered":"<p>Milyonlarca ki\u015fi onu sinema d\u00fcnyas\u0131n\u0131n, p\u0131r\u0131lt\u0131s\u0131 hi\u00e7 s\u00f6nmeyen y\u0131ld\u0131zlar\u0131ndan biri olarak tan\u0131yor&#8230; Ki ger\u00e7ekten de \u00f6yle. Oynad\u0131\u011f\u0131 filmler, kazand\u0131\u011f\u0131 ya da&#8230;<\/p>\n","protected":false},"author":2,"featured_media":1498,"comment_status":"open","ping_status":"open","sticky":false,"template":"","format":"standard","meta":{"footnotes":""},"categories":[8,6,5],"tags":[],"class_list":["post-1499","post","type-post","status-publish","format-standard","has-post-thumbnail","hentry","category-arsiv","category-gundem","category-son-dakika"],"_links":{"self":[{"href":"https:\/\/eskigazeteci.com\/index.php?rest_route=\/wp\/v2\/posts\/1499","targetHints":{"allow":["GET"]}}],"collection":[{"href":"https:\/\/eskigazeteci.com\/index.php?rest_route=\/wp\/v2\/posts"}],"about":[{"href":"https:\/\/eskigazeteci.com\/index.php?rest_route=\/wp\/v2\/types\/post"}],"author":[{"embeddable":true,"href":"https:\/\/eskigazeteci.com\/index.php?rest_route=\/wp\/v2\/users\/2"}],"replies":[{"embeddable":true,"href":"https:\/\/eskigazeteci.com\/index.php?rest_route=%2Fwp%2Fv2%2Fcomments&post=1499"}],"version-history":[{"count":0,"href":"https:\/\/eskigazeteci.com\/index.php?rest_route=\/wp\/v2\/posts\/1499\/revisions"}],"wp:featuredmedia":[{"embeddable":true,"href":"https:\/\/eskigazeteci.com\/index.php?rest_route=\/wp\/v2\/media\/1498"}],"wp:attachment":[{"href":"https:\/\/eskigazeteci.com\/index.php?rest_route=%2Fwp%2Fv2%2Fmedia&parent=1499"}],"wp:term":[{"taxonomy":"category","embeddable":true,"href":"https:\/\/eskigazeteci.com\/index.php?rest_route=%2Fwp%2Fv2%2Fcategories&post=1499"},{"taxonomy":"post_tag","embeddable":true,"href":"https:\/\/eskigazeteci.com\/index.php?rest_route=%2Fwp%2Fv2%2Ftags&post=1499"}],"curies":[{"name":"wp","href":"https:\/\/api.w.org\/{rel}","templated":true}]}}