{"id":1495,"date":"2026-02-12T10:26:18","date_gmt":"2026-02-12T10:26:18","guid":{"rendered":"https:\/\/eskigazeteci.com\/?p=1495"},"modified":"2026-02-12T10:26:18","modified_gmt":"2026-02-12T10:26:18","slug":"natodan-rusya-ve-cine-gozdagi-konu-sadece-gronland-degil","status":"publish","type":"post","link":"https:\/\/eskigazeteci.com\/?p=1495","title":{"rendered":"NATO&#8217;dan Rusya ve \u00c7in&#8217;e g\u00f6zda\u011f\u0131: Konu sadece Gr\u00f6nland de\u011fil"},"content":{"rendered":"<p>NATO \u00fcyesi \u00fclkelerin savunma bakanlar\u0131, NATO Genel Sekreteri Mark Rutte ba\u015fkanl\u0131\u011f\u0131ndaki Savunma Bakanlar\u0131 Toplant\u0131s\u0131 i\u00e7in Br\u00fcksel&#x27;deki NATO Karargah\u0131&#x27;nda bir araya geldi.<\/p>\n<p>Toplant\u0131n\u0131n a\u00e7\u0131l\u0131\u015f konu\u015fmas\u0131n\u0131 ger\u00e7ekle\u015ftiren Rutte, &quot;Bug\u00fcn cayd\u0131r\u0131c\u0131l\u0131\u011f\u0131m\u0131z\u0131 ve savunmam\u0131z\u0131 daha da g\u00fc\u00e7l\u00fc hale getirmeyi ve ayr\u0131ca Ukrayna&#x27;ya deste\u011fimizi nas\u0131l s\u00fcrd\u00fcrd\u00fc\u011f\u00fcm\u00fcz\u00fc ele alaca\u011f\u0131z. Savunma harcamalar\u0131nda zaten \u00f6nemli bir art\u0131\u015f g\u00f6r\u00fcyoruz ve yat\u0131r\u0131mlar milyarlarca dolar artt\u0131. Ge\u00e7en y\u0131l Lahey&#x27;de \u00fczerinde mutab\u0131k kal\u0131nan y\u00fczde 5&#x27;lik savunma yat\u0131r\u0131m\u0131 taahh\u00fcd\u00fcndeki ilerlemeyi g\u00f6zden ge\u00e7irece\u011fiz&quot; dedi.<\/p>\n<p>Bug\u00fcnk\u00fc toplant\u0131da cayd\u0131r\u0131c\u0131l\u0131k ve savunma duru\u015funun g\u00fc\u00e7lendirilmesinin tart\u0131\u015f\u0131laca\u011f\u0131n\u0131 ifade etti\u011fi a\u00e7\u0131klamas\u0131nda Rutte, &quot;Bu, entegre hava ve f\u00fcze savunmas\u0131n\u0131, komuta ve kontrol yap\u0131m\u0131z\u0131n g\u00fc\u00e7lendirilmesini, haz\u0131rl\u0131k seviyemizin art\u0131r\u0131lmas\u0131n\u0131 ve ev sahibi \u00fclke deste\u011fi yoluyla kuvvetlerimizi konu\u015fland\u0131rma ve s\u00fcrd\u00fcr\u00fclebilir bir \u015fekilde tutma kapasitemizin geli\u015ftirilmesini kapsamaktad\u0131r&quot; diye konu\u015ftu.<\/p>\n<p>NATO&#x27;nun k\u0131sa s\u00fcre \u00f6nce Arktik G\u00f6zc\u00fcs\u00fc giri\u015fimini ba\u015flatt\u0131\u011f\u0131n\u0131 da ifade eden Rutte, &quot;Rusya&#x27;n\u0131n artan askeri faaliyetleri ve \u00c7in&#x27;in Y\u00fcksek Kuzey&#x27;e y\u00f6nelik artan ilgisi g\u00f6z \u00f6n\u00fcne al\u0131nd\u0131\u011f\u0131nda bu ad\u0131m \u00f6nemlidir&quot;&#8230;<\/p>\n","protected":false},"excerpt":{"rendered":"<p>NATO Genel Sekreteri Mark Rutte, NATO Savunma Bakanlar\u0131 Toplant\u0131s\u0131 \u00f6ncesinde bas\u0131n mensuplar\u0131na yapt\u0131\u011f\u0131 a\u00e7\u0131klamada, Rusya&#8217;n\u0131n artan faaliyetleri ve \u00c7in&#8217;e&#8230;<\/p>\n","protected":false},"author":2,"featured_media":1494,"comment_status":"open","ping_status":"open","sticky":false,"template":"","format":"standard","meta":{"footnotes":""},"categories":[8,6,5],"tags":[],"class_list":["post-1495","post","type-post","status-publish","format-standard","has-post-thumbnail","hentry","category-arsiv","category-gundem","category-son-dakika"],"_links":{"self":[{"href":"https:\/\/eskigazeteci.com\/index.php?rest_route=\/wp\/v2\/posts\/1495","targetHints":{"allow":["GET"]}}],"collection":[{"href":"https:\/\/eskigazeteci.com\/index.php?rest_route=\/wp\/v2\/posts"}],"about":[{"href":"https:\/\/eskigazeteci.com\/index.php?rest_route=\/wp\/v2\/types\/post"}],"author":[{"embeddable":true,"href":"https:\/\/eskigazeteci.com\/index.php?rest_route=\/wp\/v2\/users\/2"}],"replies":[{"embeddable":true,"href":"https:\/\/eskigazeteci.com\/index.php?rest_route=%2Fwp%2Fv2%2Fcomments&post=1495"}],"version-history":[{"count":0,"href":"https:\/\/eskigazeteci.com\/index.php?rest_route=\/wp\/v2\/posts\/1495\/revisions"}],"wp:featuredmedia":[{"embeddable":true,"href":"https:\/\/eskigazeteci.com\/index.php?rest_route=\/wp\/v2\/media\/1494"}],"wp:attachment":[{"href":"https:\/\/eskigazeteci.com\/index.php?rest_route=%2Fwp%2Fv2%2Fmedia&parent=1495"}],"wp:term":[{"taxonomy":"category","embeddable":true,"href":"https:\/\/eskigazeteci.com\/index.php?rest_route=%2Fwp%2Fv2%2Fcategories&post=1495"},{"taxonomy":"post_tag","embeddable":true,"href":"https:\/\/eskigazeteci.com\/index.php?rest_route=%2Fwp%2Fv2%2Ftags&post=1495"}],"curies":[{"name":"wp","href":"https:\/\/api.w.org\/{rel}","templated":true}]}}