{"id":1493,"date":"2026-02-12T10:19:10","date_gmt":"2026-02-12T10:19:10","guid":{"rendered":"https:\/\/eskigazeteci.com\/?p=1493"},"modified":"2026-02-12T10:19:10","modified_gmt":"2026-02-12T10:19:10","slug":"asensionun-dramatik-donusunu-anlattilar-gulumsuyor-unutmadigini-kanitladi","status":"publish","type":"post","link":"https:\/\/eskigazeteci.com\/?p=1493","title":{"rendered":"Asensio&#8217;nun dramatik d\u00f6n\u00fc\u015f\u00fcn\u00fc anlatt\u0131lar! &#8216;G\u00fcl\u00fcms\u00fcyor, unutmad\u0131\u011f\u0131n\u0131 kan\u0131tlad\u0131&#8217;"},"content":{"rendered":"<p>Fenerbah\u00e7e &#x27;nin yaz transfer sezonunda kadrosuna katt\u0131\u011f\u0131 d\u00fcnyaca \u00fcnl\u00fc \u0130spanyol orta saha oyuncusu Marco Asensio, sar\u0131 lacivertlilerdeki y\u00fckselen performans\u0131 ile \u00fclkesinin bas\u0131n\u0131nda geni\u015f yank\u0131 uyand\u0131rmaya devam ediyor.<\/p>\n<p>\u0130spanyol El Confidencial, bug\u00fcn (12 \u015eubat Per\u015fembe) okuyucular\u0131na Asensio ile ilgili \u00f6zel bir yaz\u0131 kaleme ald\u0131.<\/p>\n<p>Asensio&#x27;nun ini\u015fli \u00e7\u0131k\u0131\u015fl\u0131 hayat\u0131n\u0131 anlatan ve Fenerbah\u00e7e&#x27;de kariyerinin zirvesini ya\u015fad\u0131\u011f\u0131 ifade edilen yaz\u0131 \u015fu \u015fekilde oldu:<\/p>\n<p>Marco Asensio\u2019nun yeni hayat\u0131: Kariyerinin en iyi sezonunda ve T\u00fcrkiye\u2019de yeniden mutlulu\u011fu buldu<\/p>\n<p>30 ya\u015f\u0131n\u0131 yeni dolduran \u0130spanyol futbolcu, T\u00fcrkiye Ligi&#x27;nde adeta ikinci bahar\u0131n\u0131 ya\u015f\u0131yor ve ligin en formda oyuncular\u0131ndan biri konumunda.<\/p>\n<p>Marco Asensio her zaman farkl\u0131 bir oyuncu oldu. H\u00fccumcu bir futbolcu olarak, h\u00fccum hatt\u0131n\u0131n her b\u00f6lgesinde g\u00f6rev yapabilme yetene\u011fiyle \u00f6ne \u00e7\u0131kt\u0131; g\u00fc\u00e7l\u00fc \u00e7al\u0131m\u0131 yetene\u011fi, iyi top s\u00fcr\u00fc\u015f\u00fc ve bir\u00e7ok kez haftan\u0131n en iyi gollerini atmas\u0131yla \u00f6ne \u00e7\u0131kt\u0131. Ancak ya\u015fad\u0131\u011f\u0131 a\u011f\u0131r sakatl\u0131k onun ilk 11&#x27;deki yerini kaybetmesine neden oldu.<\/p>\n<p>K\u0131sa bir s\u00fcre \u00f6nce Asensio, \u0130spanyol futbolunun gelecekteki b\u00fcy\u00fck y\u0131ld\u0131z\u0131 olmak i\u00e7in t\u00fcm yeteneklere sahipti. Mallorca\u2019da, \u0130spanya 2. Ligi&#x27;nde oynarken ilk ma\u00e7\u0131na \u00e7\u0131kan o&#8230;<\/p>\n","protected":false},"excerpt":{"rendered":"<p>Fenerbah\u00e7e&#8217;nin sezon ba\u015f\u0131nda kadrosuna katt\u0131\u011f\u0131 Asensio i\u00e7in \u0130spanyol bas\u0131n\u0131nda \u00f6nemli bir yaz\u0131 kaleme al\u0131nd\u0131. Asensio&#8217;nun Mallorca, Real Madrid, Paris Saint&#8230;<\/p>\n","protected":false},"author":2,"featured_media":1492,"comment_status":"open","ping_status":"open","sticky":false,"template":"","format":"standard","meta":{"footnotes":""},"categories":[8,5,7],"tags":[],"class_list":["post-1493","post","type-post","status-publish","format-standard","has-post-thumbnail","hentry","category-arsiv","category-son-dakika","category-spor"],"_links":{"self":[{"href":"https:\/\/eskigazeteci.com\/index.php?rest_route=\/wp\/v2\/posts\/1493","targetHints":{"allow":["GET"]}}],"collection":[{"href":"https:\/\/eskigazeteci.com\/index.php?rest_route=\/wp\/v2\/posts"}],"about":[{"href":"https:\/\/eskigazeteci.com\/index.php?rest_route=\/wp\/v2\/types\/post"}],"author":[{"embeddable":true,"href":"https:\/\/eskigazeteci.com\/index.php?rest_route=\/wp\/v2\/users\/2"}],"replies":[{"embeddable":true,"href":"https:\/\/eskigazeteci.com\/index.php?rest_route=%2Fwp%2Fv2%2Fcomments&post=1493"}],"version-history":[{"count":0,"href":"https:\/\/eskigazeteci.com\/index.php?rest_route=\/wp\/v2\/posts\/1493\/revisions"}],"wp:featuredmedia":[{"embeddable":true,"href":"https:\/\/eskigazeteci.com\/index.php?rest_route=\/wp\/v2\/media\/1492"}],"wp:attachment":[{"href":"https:\/\/eskigazeteci.com\/index.php?rest_route=%2Fwp%2Fv2%2Fmedia&parent=1493"}],"wp:term":[{"taxonomy":"category","embeddable":true,"href":"https:\/\/eskigazeteci.com\/index.php?rest_route=%2Fwp%2Fv2%2Fcategories&post=1493"},{"taxonomy":"post_tag","embeddable":true,"href":"https:\/\/eskigazeteci.com\/index.php?rest_route=%2Fwp%2Fv2%2Ftags&post=1493"}],"curies":[{"name":"wp","href":"https:\/\/api.w.org\/{rel}","templated":true}]}}