{"id":1489,"date":"2026-02-12T10:16:17","date_gmt":"2026-02-12T10:16:17","guid":{"rendered":"https:\/\/eskigazeteci.com\/?p=1489"},"modified":"2026-02-12T10:16:17","modified_gmt":"2026-02-12T10:16:17","slug":"enes-batur-kimdir-kac-yasinda-nereli-fenomen-enes-batur-gozaltina-mi-alindi-neden-gozaltina-alindi","status":"publish","type":"post","link":"https:\/\/eskigazeteci.com\/?p=1489","title":{"rendered":"Enes Batur kimdir, ka\u00e7 ya\u015f\u0131nda, nereli? Fenomen Enes Batur g\u00f6zalt\u0131na m\u0131 al\u0131nd\u0131, neden g\u00f6zalt\u0131na al\u0131nd\u0131?"},"content":{"rendered":"<p>\u0130stanbul Anadolu Cumhuriyet Ba\u015fsavc\u0131l\u0131\u011f\u0131 taraf\u0131ndan; \u201cuyu\u015fturucu veya uyar\u0131c\u0131 madde imal ve ticareti\u201d, \u201cuyu\u015fturucu ya da uyar\u0131c\u0131 madde kullan\u0131lmas\u0131n\u0131 kolayla\u015ft\u0131rma\u201d ile \u201ckullanmak amac\u0131yla uyu\u015fturucu veya uyar\u0131c\u0131 madde sat\u0131n almak, kabul etmek, bulundurmak ya da kullanmak\u201d su\u00e7lar\u0131 kapsam\u0131nda ba\u015flat\u0131lan soru\u015fturma devam ediyor. Bu kapsamda yurt d\u0131\u015f\u0131nda oldu\u011fu tespit edilen ve hakk\u0131nda yakalama karar\u0131 \u00e7\u0131kar\u0131lan Enes Batur \u0130stanbul Havaliman\u0131&#x27;nda g\u00f6zalt\u0131na al\u0131nd\u0131.<\/p>\n<p>\u0130stanbul Anadolu Cumhuriyet Ba\u015fsavc\u0131l\u0131\u011f\u0131 taraf\u0131ndan; \u201cuyu\u015fturucu veya uyar\u0131c\u0131 madde imal ve ticareti\u201d, \u201cuyu\u015fturucu ya da uyar\u0131c\u0131 madde kullan\u0131lmas\u0131n\u0131 kolayla\u015ft\u0131rma\u201d ile \u201ckullanmak amac\u0131yla uyu\u015fturucu veya uyar\u0131c\u0131 madde sat\u0131n almak, kabul etmek, bulundurmak ya da kullanmak\u201d su\u00e7lar\u0131 kapsam\u0131nda ba\u015flat\u0131lan soru\u015fturma devam ediyor. Bu kapsamda yurt d\u0131\u015f\u0131nda oldu\u011fu tespit edilen ve hakk\u0131nda yakalama karar\u0131 \u00e7\u0131kar\u0131lan Enes Batur \u0130stanbul Havaliman\u0131&#x27;nda g\u00f6zalt\u0131na al\u0131nd\u0131.<\/p>\n<p>Soru\u015fturma kapsam\u0131nda yurtd\u0131\u015f\u0131nda olan ve hakk\u0131nda yakalama karar\u0131 bulunana sosyal medya fenomeni Enes Batur Sungurtekin jandarma taraf\u0131ndan g\u00f6zalt\u0131na al\u0131nd\u0131.<\/p>\n<p>Soru\u015fturma kapsam\u0131nda yurtd\u0131\u015f\u0131nda olan ve hakk\u0131nda yakalama karar\u0131 bulunana sosyal medya fenomeni Enes&#8230;<\/p>\n","protected":false},"excerpt":{"rendered":"<p>Enes Batur g\u00f6zalt\u0131na m\u0131 al\u0131nd\u0131 sorusu g\u00fcndemde yer al\u0131yor. Uyu\u015fturucu soru\u015fturmas\u0131nda aranan sosyal medya fenomeni Enes Batur, yurtd\u0131\u015f\u0131ndan T\u00fcrkiye\u2019ye giri\u015f&#8230;<\/p>\n","protected":false},"author":2,"featured_media":1488,"comment_status":"open","ping_status":"open","sticky":false,"template":"","format":"standard","meta":{"footnotes":""},"categories":[8,6,5],"tags":[],"class_list":["post-1489","post","type-post","status-publish","format-standard","has-post-thumbnail","hentry","category-arsiv","category-gundem","category-son-dakika"],"_links":{"self":[{"href":"https:\/\/eskigazeteci.com\/index.php?rest_route=\/wp\/v2\/posts\/1489","targetHints":{"allow":["GET"]}}],"collection":[{"href":"https:\/\/eskigazeteci.com\/index.php?rest_route=\/wp\/v2\/posts"}],"about":[{"href":"https:\/\/eskigazeteci.com\/index.php?rest_route=\/wp\/v2\/types\/post"}],"author":[{"embeddable":true,"href":"https:\/\/eskigazeteci.com\/index.php?rest_route=\/wp\/v2\/users\/2"}],"replies":[{"embeddable":true,"href":"https:\/\/eskigazeteci.com\/index.php?rest_route=%2Fwp%2Fv2%2Fcomments&post=1489"}],"version-history":[{"count":0,"href":"https:\/\/eskigazeteci.com\/index.php?rest_route=\/wp\/v2\/posts\/1489\/revisions"}],"wp:featuredmedia":[{"embeddable":true,"href":"https:\/\/eskigazeteci.com\/index.php?rest_route=\/wp\/v2\/media\/1488"}],"wp:attachment":[{"href":"https:\/\/eskigazeteci.com\/index.php?rest_route=%2Fwp%2Fv2%2Fmedia&parent=1489"}],"wp:term":[{"taxonomy":"category","embeddable":true,"href":"https:\/\/eskigazeteci.com\/index.php?rest_route=%2Fwp%2Fv2%2Fcategories&post=1489"},{"taxonomy":"post_tag","embeddable":true,"href":"https:\/\/eskigazeteci.com\/index.php?rest_route=%2Fwp%2Fv2%2Ftags&post=1489"}],"curies":[{"name":"wp","href":"https:\/\/api.w.org\/{rel}","templated":true}]}}