{"id":1487,"date":"2026-02-12T10:07:48","date_gmt":"2026-02-12T10:07:48","guid":{"rendered":"https:\/\/eskigazeteci.com\/?p=1487"},"modified":"2026-02-12T10:07:48","modified_gmt":"2026-02-12T10:07:48","slug":"kahramanmarasta-vahset-ayrilmak-isteyen-sevgilisini-otomobilde-bogarak-katletti-cenazede-yurek-yakan-anlar","status":"publish","type":"post","link":"https:\/\/eskigazeteci.com\/?p=1487","title":{"rendered":"Kahramanmara\u015f&#8217;ta vah\u015fet! Ayr\u0131lmak isteyen sevgilisini otomobilde bo\u011farak katletti&#8230; Cenazede y\u00fcrek yakan anlar"},"content":{"rendered":"<p>Olay, d\u00fcn ak\u015fam saatlerinde il\u00e7eye ba\u011fl\u0131 Narl\u0131 Mahallesi&#x27;nde meydana geldi. Hasan H\u00fcseyin Suba\u015f\u0131 ile k\u0131z arkada\u015f\u0131 Alev Ko\u00e7 aras\u0131nda otomobilde tart\u0131\u015fma \u00e7\u0131kt\u0131. Tart\u0131\u015fma s\u0131ras\u0131nda Hasan H\u00fcseyin Suba\u015f\u0131, Alev Ko\u00e7&#x27;u bo\u011fdu. Olay\u0131n ard\u0131ndan Suba\u015f\u0131, Gaziantep Adliyesi&#x27;ne giderek mezarl\u0131kta Alev Ko\u00e7&#x27;u ara\u00e7 i\u00e7erisinde bo\u011farak \u00f6ld\u00fcrd\u00fc\u011f\u00fcn\u00fc s\u00f6yledi.<\/p>\n<p>JANDARMA, CANSIZ BEDEN\u0130N\u0130 BULDU<\/p>\n<p>Bilgi verilen Pazarc\u0131k \u0130l\u00e7e Jandarma Komutanl\u0131\u011f\u0131 ekipleri, mezarl\u0131kta ara\u00e7 i\u00e7erisinde Alev Ko\u00e7&#x27;un cans\u0131z bedenini buldu. Yap\u0131lan incelemenin ard\u0131ndan Ko\u00e7&#x27;un cans\u0131z bedeni, Kahramanmara\u015f Adli T\u0131p Kurumu morguna g\u00f6t\u00fcr\u00fcld\u00fc. Hasan H\u00fcseyin Suba\u015f\u0131, jandarma ekiplerince Gaziantep\u2019ten al\u0131narak Pazarc\u0131k&#x27;a getirildi. Suba\u015f\u0131, i\u015flemlerin ard\u0131ndan tutukland\u0131.<\/p>\n<p>KIZI S\u0130N\u0130R KR\u0130Z\u0130 GE\u00c7\u0130RD\u0130<\/p>\n<p>E\u015finden bo\u015fanan 2 \u00e7ocuk annesi Alev Ko\u00e7\u2019un cenazesi bug\u00fcn otopsinin ard\u0131ndan yak\u0131nlar\u0131 taraf\u0131ndan teslim al\u0131narak Narl\u0131 Cemevi\u2019ne g\u00f6t\u00fcr\u00fcld\u00fc. Cenazede Ko\u00e7\u2019un \u00e7ocuklar\u0131, anne-babas\u0131, karde\u015fleri ve di\u011fer yak\u0131nlar\u0131 g\u00f6zya\u015f\u0131 d\u00f6kt\u00fc. Alev Ko\u00e7&#x27;un k\u0131z karde\u015fi, ablas\u0131n\u0131n k\u0131yafetine sar\u0131l\u0131p koklayarak \u201cPisi pisine gitti ablam\u201d diyerek a\u011f\u0131t yakt\u0131. Alev Ko\u00e7&#x27;un cenaze arac\u0131na g\u00f6t\u00fcr\u00fcld\u00fc\u011f\u00fc s\u0131rada k\u0131z\u0131 \u015eila Ko\u00e7, \u201cAnnemi g\u00f6t\u00fcr\u00fcyorlar\u201d diyerek sinir krizi ge\u00e7irdi&#8230;.<\/p>\n","protected":false},"excerpt":{"rendered":"<p>Kahramanmara\u015f&#8217;\u0131n Pazarc\u0131k il\u00e7esinde Hasan H\u00fcseyin Suba\u015f\u0131 (52), kendisinden ayr\u0131lmak isteyen sevgilisi Alev Ko\u00e7&#8217;u (39) arac\u0131nda bo\u011fdu. Daha sonra adliyeye&#8230;<\/p>\n","protected":false},"author":2,"featured_media":1486,"comment_status":"open","ping_status":"open","sticky":false,"template":"","format":"standard","meta":{"footnotes":""},"categories":[8,6,5],"tags":[],"class_list":["post-1487","post","type-post","status-publish","format-standard","has-post-thumbnail","hentry","category-arsiv","category-gundem","category-son-dakika"],"_links":{"self":[{"href":"https:\/\/eskigazeteci.com\/index.php?rest_route=\/wp\/v2\/posts\/1487","targetHints":{"allow":["GET"]}}],"collection":[{"href":"https:\/\/eskigazeteci.com\/index.php?rest_route=\/wp\/v2\/posts"}],"about":[{"href":"https:\/\/eskigazeteci.com\/index.php?rest_route=\/wp\/v2\/types\/post"}],"author":[{"embeddable":true,"href":"https:\/\/eskigazeteci.com\/index.php?rest_route=\/wp\/v2\/users\/2"}],"replies":[{"embeddable":true,"href":"https:\/\/eskigazeteci.com\/index.php?rest_route=%2Fwp%2Fv2%2Fcomments&post=1487"}],"version-history":[{"count":0,"href":"https:\/\/eskigazeteci.com\/index.php?rest_route=\/wp\/v2\/posts\/1487\/revisions"}],"wp:featuredmedia":[{"embeddable":true,"href":"https:\/\/eskigazeteci.com\/index.php?rest_route=\/wp\/v2\/media\/1486"}],"wp:attachment":[{"href":"https:\/\/eskigazeteci.com\/index.php?rest_route=%2Fwp%2Fv2%2Fmedia&parent=1487"}],"wp:term":[{"taxonomy":"category","embeddable":true,"href":"https:\/\/eskigazeteci.com\/index.php?rest_route=%2Fwp%2Fv2%2Fcategories&post=1487"},{"taxonomy":"post_tag","embeddable":true,"href":"https:\/\/eskigazeteci.com\/index.php?rest_route=%2Fwp%2Fv2%2Ftags&post=1487"}],"curies":[{"name":"wp","href":"https:\/\/api.w.org\/{rel}","templated":true}]}}