{"id":1485,"date":"2026-02-12T10:06:16","date_gmt":"2026-02-12T10:06:16","guid":{"rendered":"https:\/\/eskigazeteci.com\/?p=1485"},"modified":"2026-02-12T10:06:16","modified_gmt":"2026-02-12T10:06:16","slug":"muzakere-bir-yanda-askeri-hamle-diger-yanda-trump-aciklamisti-pentagon-dugmeye-basti-basra-korfezinde-dikkat-ceken-hareketlilik","status":"publish","type":"post","link":"https:\/\/eskigazeteci.com\/?p=1485","title":{"rendered":"M\u00fczakere bir yanda askeri hamle di\u011fer yanda! Trump a\u00e7\u0131klam\u0131\u015ft\u0131: Pentagon d\u00fc\u011fmeye bast\u0131&#8230; Basra k\u00f6rfezinde dikkat \u00e7eken hareketlilik"},"content":{"rendered":"<p>ABD Donanmas\u0131\u2019na ait Boeing P-8A Poseidon tipi ke\u015fif u\u00e7a\u011f\u0131 ile MQ-4C Triton insans\u0131z hava arac\u0131, \u0130ran s\u0131n\u0131r\u0131 yak\u0131n\u0131nda tespit edildi\u011fi iddia edildi.<\/p>\n<p>Rus gazetesi RIA Novosti&#x27;nin, u\u00e7u\u015f verilerine dayand\u0131rd\u0131\u011f\u0131 iddias\u0131nda, s\u00f6z konusu hava ara\u00e7lar\u0131n\u0131n b\u00f6lgedeki hareketlili\u011fini inceledi.<\/p>\n<p>BASRA K\u00d6RFEZ\u0130\u2019NDE D\u0130KKAT \u00c7EKEN HAREKETL\u0130L\u0130K<\/p>\n<p>RIA Novosti&#x27;de yer alan habere g\u00f6re, ke\u015fif u\u00e7a\u011f\u0131 Bahreyn\u2019den havaland\u0131 ve H\u00fcrm\u00fcz Bo\u011faz\u0131 \u00fczerinde u\u00e7u\u015f ger\u00e7ekle\u015ftirdi. U\u00e7ak, bir s\u00fcre b\u00f6lgede daireler \u00e7izerek ke\u015fif faaliyeti y\u00fcr\u00fctt\u00fc.<\/p>\n<p>Haberde, MQ-4C Triton tipi insans\u0131z hava arac\u0131n\u0131n ise Abu Dabi\u2019den kalkt\u0131\u011f\u0131 ve Umman K\u00f6rfezi \u00fczerinde devriye u\u00e7u\u015fu yapt\u0131\u011f\u0131 aktar\u0131ld\u0131.<\/p>\n<p>Gazetenin u\u00e7u\u015f rotalar\u0131na ili\u015fkin veriler \u00fczerinden yapt\u0131\u011f\u0131 de\u011ferlendirmede, her iki hava arac\u0131n\u0131n da \u0130ran s\u0131n\u0131r\u0131na yak\u0131n b\u00f6lgelerde faaliyet g\u00f6sterdi\u011fi kaydedildi.<\/p>\n<p>ABD\u2019ye ait ke\u015fif u\u00e7a\u011f\u0131 ve insans\u0131z hava arac\u0131n\u0131n b\u00f6lgedeki varl\u0131\u011f\u0131, H\u00fcrm\u00fcz Bo\u011faz\u0131 ve Umman K\u00f6rfezi \u00e7evresindeki askeri hareketlili\u011fi yeniden g\u00fcndeme ta\u015f\u0131d\u0131.<\/p>\n<p>MQ-4C Triton tipi \u0130HA<\/p>\n<p>PENTAGON&#x27;DA HAZIRLIKLAR BA\u015eLADI<\/p>\n<p>ABD Ba\u015fkan\u0131 Donald Trump&#x27;\u0131n, \u0130ran&#x27;a y\u00f6nelik \u201cOraya giden bir filomuz var ve bir tane daha gidebilir. Orta Do\u011fu&#x27;ya ikinci bir u\u00e7ak gemisi g\u00f6ndermeyi d\u00fc\u015f\u00fcn\u00fcyorum\u201d&#8230;<\/p>\n","protected":false},"excerpt":{"rendered":"<p>ABD ve \u0130ran aras\u0131ndaki m\u00fczakere s\u00fcreci devam ederken Washington&#8217;dan dikkat \u00e7eken hamleler geldi. ABD&#8217;ye ait bir ke\u015fif u\u00e7a\u011f\u0131 ile bir \u0130HA\u2019n\u0131n \u0130ran s\u0131n\u0131r\u0131&#8230;<\/p>\n","protected":false},"author":2,"featured_media":1484,"comment_status":"open","ping_status":"open","sticky":false,"template":"","format":"standard","meta":{"footnotes":""},"categories":[8,6,5],"tags":[],"class_list":["post-1485","post","type-post","status-publish","format-standard","has-post-thumbnail","hentry","category-arsiv","category-gundem","category-son-dakika"],"_links":{"self":[{"href":"https:\/\/eskigazeteci.com\/index.php?rest_route=\/wp\/v2\/posts\/1485","targetHints":{"allow":["GET"]}}],"collection":[{"href":"https:\/\/eskigazeteci.com\/index.php?rest_route=\/wp\/v2\/posts"}],"about":[{"href":"https:\/\/eskigazeteci.com\/index.php?rest_route=\/wp\/v2\/types\/post"}],"author":[{"embeddable":true,"href":"https:\/\/eskigazeteci.com\/index.php?rest_route=\/wp\/v2\/users\/2"}],"replies":[{"embeddable":true,"href":"https:\/\/eskigazeteci.com\/index.php?rest_route=%2Fwp%2Fv2%2Fcomments&post=1485"}],"version-history":[{"count":0,"href":"https:\/\/eskigazeteci.com\/index.php?rest_route=\/wp\/v2\/posts\/1485\/revisions"}],"wp:featuredmedia":[{"embeddable":true,"href":"https:\/\/eskigazeteci.com\/index.php?rest_route=\/wp\/v2\/media\/1484"}],"wp:attachment":[{"href":"https:\/\/eskigazeteci.com\/index.php?rest_route=%2Fwp%2Fv2%2Fmedia&parent=1485"}],"wp:term":[{"taxonomy":"category","embeddable":true,"href":"https:\/\/eskigazeteci.com\/index.php?rest_route=%2Fwp%2Fv2%2Fcategories&post=1485"},{"taxonomy":"post_tag","embeddable":true,"href":"https:\/\/eskigazeteci.com\/index.php?rest_route=%2Fwp%2Fv2%2Ftags&post=1485"}],"curies":[{"name":"wp","href":"https:\/\/api.w.org\/{rel}","templated":true}]}}