{"id":1479,"date":"2026-02-12T09:56:16","date_gmt":"2026-02-12T09:56:16","guid":{"rendered":"https:\/\/eskigazeteci.com\/?p=1479"},"modified":"2026-02-12T09:56:16","modified_gmt":"2026-02-12T09:56:16","slug":"aci-sozler-agzindan-ne-de-kolay-dokuldu-kizimin-annesini-sevdim-ama-ona-asik-degildim","status":"publish","type":"post","link":"https:\/\/eskigazeteci.com\/?p=1479","title":{"rendered":"Ac\u0131 s\u00f6zler a\u011fz\u0131ndan ne de kolay d\u00f6k\u00fcld\u00fc\u2026 \u2018K\u0131z\u0131m\u0131n annesini sevdim ama ona a\u015f\u0131k de\u011fildim\u2019"},"content":{"rendered":"<p>Bu a\u015fktan bir k\u0131zlar\u0131 do\u011fmu\u015ftu ve y\u0131llar \u00f6nce yollar\u0131n\u0131 ay\u0131rsalar da onun u\u011fruna h\u00e2l\u00e2 g\u00f6r\u00fc\u015fmeye ve iyi ge\u00e7inmeye devam ediyorlard\u0131.<\/p>\n<p>Ge\u00e7ti\u011fimiz g\u00fcn yay\u0131nlanan \u00e7arp\u0131c\u0131 bir r\u00f6portaj ve bu r\u00f6portajda dile getirilen ac\u0131 ger\u00e7ekler ise bu zorlukla kurulan dostlu\u011fa zarar verebilecek kadar sert oldu\u2026<\/p>\n<p>ESK\u0130 SEVG\u0130L\u0130S\u0130N\u0130N ARDINDAN S\u00d6YLED\u0130KLER\u0130 OLAY OLDU<\/p>\n<p>\u00dcnl\u00fc \u015fark\u0131c\u0131 Zayn Malik kat\u0131ld\u0131\u011f\u0131 podcast yay\u0131n\u0131nda Gigi Hadid\u2019le ya\u015fad\u0131\u011f\u0131 ili\u015fkiyi ve bu konuda hissettiklerini a\u00e7\u0131k\u00e7a dile getirdi ve hem kendi hayranlar\u0131n\u0131 hem de Gigi Hadid\u2019inkileri bir hayli \u015fa\u015f\u0131rtt\u0131.<\/p>\n<p>Zayn Malik ve Gigi Hadid 2015\u2019ten 2021\u2019e kadar b\u00fcy\u00fck bir a\u015fk ya\u015fam\u0131\u015f; bu a\u015fk\u0131n meyvesi de 2020\u2019de do\u011fan k\u0131zlar\u0131 Khai olmu\u015ftu. 6 y\u0131ll\u0131k ili\u015fkileri boyunca s\u00fcrekli kavgalar ve ayr\u0131l\u0131klarla g\u00fcndeme gelen \u00e7ift k\u0131zlar\u0131 olduktan sonra art\u0131k ili\u015fkilerini yoluna koyarlar san\u0131lsa da hayranlar\u0131n\u0131n bu beklentisi ger\u00e7ekle\u015fmedi ve \u00e7ift 2021\u2019de yollar\u0131n\u0131 olayl\u0131 bir \u015fekilde ay\u0131rd\u0131.<\/p>\n<p>\u201cBEN ONA H\u0130\u00c7 A\u015eIK OLMADIM\u201d<\/p>\n<p>Zayn Malik verdi\u011fi son r\u00f6portajda eski sevgilisi Gigi Hadid&#x27;e asla \u201ca\u015f\u0131k\u201d olmad\u0131\u011f\u0131n\u0131 d\u00fc\u015f\u00fcnd\u00fc\u011f\u00fcn\u00fc ve bir daha asla kamuoyunun g\u00f6z\u00fc \u00f6n\u00fcnde bir ili\u015fki ya\u015famayaca\u011f\u0131na yemin etti\u011fini a\u00e7\u0131klad\u0131.<\/p>\n<p>33 ya\u015f\u0131ndaki \u015fark\u0131c\u0131, 30 ya\u015f\u0131ndaki model 6 y\u0131ll\u0131k&#8230;<\/p>\n","protected":false},"excerpt":{"rendered":"<p>Yollar\u0131 erkenden kesi\u015fmi\u015f, ikisi de gencecik, \u00e7i\u00e7e\u011fi burnunda y\u0131ld\u0131zlarken d\u00fcnyan\u0131n g\u00f6zleri \u00f6n\u00fcnde b\u00fcy\u00fck ve f\u0131rt\u0131nal\u0131 bir a\u015fk ya\u015fam\u0131\u015flard\u0131. Bir k\u00fcs bir&#8230;<\/p>\n","protected":false},"author":2,"featured_media":1478,"comment_status":"open","ping_status":"open","sticky":false,"template":"","format":"standard","meta":{"footnotes":""},"categories":[8,6,5],"tags":[],"class_list":["post-1479","post","type-post","status-publish","format-standard","has-post-thumbnail","hentry","category-arsiv","category-gundem","category-son-dakika"],"_links":{"self":[{"href":"https:\/\/eskigazeteci.com\/index.php?rest_route=\/wp\/v2\/posts\/1479","targetHints":{"allow":["GET"]}}],"collection":[{"href":"https:\/\/eskigazeteci.com\/index.php?rest_route=\/wp\/v2\/posts"}],"about":[{"href":"https:\/\/eskigazeteci.com\/index.php?rest_route=\/wp\/v2\/types\/post"}],"author":[{"embeddable":true,"href":"https:\/\/eskigazeteci.com\/index.php?rest_route=\/wp\/v2\/users\/2"}],"replies":[{"embeddable":true,"href":"https:\/\/eskigazeteci.com\/index.php?rest_route=%2Fwp%2Fv2%2Fcomments&post=1479"}],"version-history":[{"count":0,"href":"https:\/\/eskigazeteci.com\/index.php?rest_route=\/wp\/v2\/posts\/1479\/revisions"}],"wp:featuredmedia":[{"embeddable":true,"href":"https:\/\/eskigazeteci.com\/index.php?rest_route=\/wp\/v2\/media\/1478"}],"wp:attachment":[{"href":"https:\/\/eskigazeteci.com\/index.php?rest_route=%2Fwp%2Fv2%2Fmedia&parent=1479"}],"wp:term":[{"taxonomy":"category","embeddable":true,"href":"https:\/\/eskigazeteci.com\/index.php?rest_route=%2Fwp%2Fv2%2Fcategories&post=1479"},{"taxonomy":"post_tag","embeddable":true,"href":"https:\/\/eskigazeteci.com\/index.php?rest_route=%2Fwp%2Fv2%2Ftags&post=1479"}],"curies":[{"name":"wp","href":"https:\/\/api.w.org\/{rel}","templated":true}]}}