{"id":1477,"date":"2026-02-12T09:47:48","date_gmt":"2026-02-12T09:47:48","guid":{"rendered":"https:\/\/eskigazeteci.com\/?p=1477"},"modified":"2026-02-12T09:47:48","modified_gmt":"2026-02-12T09:47:48","slug":"gorele-belediye-baskani-cinsel-taciz-sucundan-tutuklanmisti-hasbi-dede-gorevden-uzaklastirildi","status":"publish","type":"post","link":"https:\/\/eskigazeteci.com\/?p=1477","title":{"rendered":"G\u00f6rele Belediye Ba\u015fkan\u0131 cinsel taciz su\u00e7undan tutuklanm\u0131\u015ft\u0131! Hasbi Dede g\u00f6revden uzakla\u015ft\u0131r\u0131ld\u0131"},"content":{"rendered":"<p>\u0130\u00e7i\u015fleri Bakanl\u0131\u011f\u0131&#x27;ndan yap\u0131lan a\u00e7\u0131klamada \u015fu ifadeler kullan\u0131ld\u0131:<\/p>\n<p>&quot;Giresun ili G\u00f6rele Belediye Ba\u015fkan\u0131 Hasbi Dede, G\u00f6rele Cumhuriyet Ba\u015fsavc\u0131l\u0131\u011f\u0131nca &quot;\u00c7ocu\u011fa Kar\u015f\u0131 Cinsel Taciz&quot; su\u00e7undan 2026\/332 say\u0131l\u0131 soru\u015fturma kapsam\u0131nda 10.02.2026 tarihinde mahkemeye sevk edildi\u011fi ve G\u00f6rele 1. Asliye Ceza Mahkemesinin 2026\/17 D. \u0130\u015f say\u0131l\u0131 karar\u0131 ile &quot;\u00c7ocu\u011fa Kar\u015f\u0131 Cinsel Taciz&quot; su\u00e7undan tutuklanmas\u0131 nedeniyle; Anayasan\u0131n 127&#x27;nci maddesi ile 5393 say\u0131l\u0131 Belediye Kanununun 47&#x27;nci maddesi uyar\u0131nca ge\u00e7ici bir tedbir olarak \u0130\u00e7i\u015fleri Bakanl\u0131\u011f\u0131 &#x27;nca g\u00f6revden uzakla\u015ft\u0131r\u0131lm\u0131\u015ft\u0131r.&quot;<\/p>\n<p>OLAY<\/p>\n<p>Son Mahalli \u0130dareler Genel Se\u00e7imi\u2019nde CHP&#x27;den G\u00f6rele Belediye Ba\u015fkan\u0131 se\u00e7ilen Hasbi Dede , \u015fikayet \u00fczerine ba\u015flat\u0131lan soru\u015fturmada 8 \u015eubat\u2019ta ifadeye \u00e7a\u011fr\u0131lm\u0131\u015f ve 9 \u015eubat\u2019ta hakk\u0131nda yurt d\u0131\u015f\u0131na \u00e7\u0131k\u0131\u015f yasa\u011f\u0131 adli kontrol tedbiri uygulanmas\u0131na karar verilmi\u015fti.<\/p>\n<p>G\u00f6rele Cumhuriyet Ba\u015fsavc\u0131l\u0131\u011f\u0131n\u0131n itiraz\u0131 \u00fczerine d\u00fcn tekrar ifadeye \u00e7a\u011fr\u0131lan Dede, sevk edildi\u011fi n\u00f6bet\u00e7i hakimlik\u00e7e &quot;\u00e7ocu\u011fa kar\u015f\u0131 elektronik haberle\u015fme ara\u00e7lar\u0131n\u0131n sa\u011flad\u0131\u011f\u0131 kolayl\u0131ktan faydalanmak suretiyle cinsel taciz &quot; su\u00e7lamas\u0131yla tutuklanm\u0131\u015ft\u0131.<\/p>\n<p>T\u00fcrkiye g\u00fcndeminden son dakika haberleri, bug\u00fcn ya\u015fanan en son geli\u015fmeler, siyaset g\u00fcndeminden g\u00fcncel haberler&#8230;<\/p>\n","protected":false},"excerpt":{"rendered":"<p>Giresun ili G\u00f6rele Belediye Ba\u015fkan\u0131 Hasbi Dede, \u00c7ocu\u011fa Kar\u015f\u0131 Cinsel Taciz su\u00e7undan tutuklanmas\u0131 nedeniyle, ge\u00e7ici bir tedbir olarak \u0130\u00e7i\u015fleri Bakanl\u0131\u011f\u0131&#8217;nca&#8230;<\/p>\n","protected":false},"author":2,"featured_media":1476,"comment_status":"open","ping_status":"open","sticky":false,"template":"","format":"standard","meta":{"footnotes":""},"categories":[8,6,5],"tags":[],"class_list":["post-1477","post","type-post","status-publish","format-standard","has-post-thumbnail","hentry","category-arsiv","category-gundem","category-son-dakika"],"_links":{"self":[{"href":"https:\/\/eskigazeteci.com\/index.php?rest_route=\/wp\/v2\/posts\/1477","targetHints":{"allow":["GET"]}}],"collection":[{"href":"https:\/\/eskigazeteci.com\/index.php?rest_route=\/wp\/v2\/posts"}],"about":[{"href":"https:\/\/eskigazeteci.com\/index.php?rest_route=\/wp\/v2\/types\/post"}],"author":[{"embeddable":true,"href":"https:\/\/eskigazeteci.com\/index.php?rest_route=\/wp\/v2\/users\/2"}],"replies":[{"embeddable":true,"href":"https:\/\/eskigazeteci.com\/index.php?rest_route=%2Fwp%2Fv2%2Fcomments&post=1477"}],"version-history":[{"count":0,"href":"https:\/\/eskigazeteci.com\/index.php?rest_route=\/wp\/v2\/posts\/1477\/revisions"}],"wp:featuredmedia":[{"embeddable":true,"href":"https:\/\/eskigazeteci.com\/index.php?rest_route=\/wp\/v2\/media\/1476"}],"wp:attachment":[{"href":"https:\/\/eskigazeteci.com\/index.php?rest_route=%2Fwp%2Fv2%2Fmedia&parent=1477"}],"wp:term":[{"taxonomy":"category","embeddable":true,"href":"https:\/\/eskigazeteci.com\/index.php?rest_route=%2Fwp%2Fv2%2Fcategories&post=1477"},{"taxonomy":"post_tag","embeddable":true,"href":"https:\/\/eskigazeteci.com\/index.php?rest_route=%2Fwp%2Fv2%2Ftags&post=1477"}],"curies":[{"name":"wp","href":"https:\/\/api.w.org\/{rel}","templated":true}]}}