{"id":1473,"date":"2026-02-12T09:37:48","date_gmt":"2026-02-12T09:37:48","guid":{"rendered":"https:\/\/eskigazeteci.com\/?p=1473"},"modified":"2026-02-12T09:37:48","modified_gmt":"2026-02-12T09:37:48","slug":"fenerbahcenin-aci-gunu-omer-kaner-hayatini-kaybetti","status":"publish","type":"post","link":"https:\/\/eskigazeteci.com\/?p=1473","title":{"rendered":"Fenerbah\u00e7e&#8217;nin ac\u0131 g\u00fcn\u00fc: \u00d6mer Kaner, hayat\u0131n\u0131 kaybetti!"},"content":{"rendered":"<p>T\u00fcrkiye Futbol Federasyonunun (TFF) a\u00e7\u0131klamas\u0131na g\u00f6re eski milli futbolcu \u00d6mer Kaner, 74 ya\u015f\u0131nda hayata g\u00f6zlerini yumdu.<\/p>\n<p>Ay-y\u0131ld\u0131zl\u0131 formay\u0131 6 kez giyen Kaner, futbol altyap\u0131s\u0131n\u0131 Almanya&#x27;da almas\u0131na ra\u011fmen kariyerini T\u00fcrkiye&#x27;de ge\u00e7irdi. T\u00fcrkiye&#x27;ye askerlik i\u00e7in gelen Kaner, Havag\u00fcc\u00fc&#x27;nde futbol oynad\u0131 ve buradan transfer oldu\u011fu Eski\u015fehirspor ile profesyonel futbol kariyerine ba\u015flad\u0131.<\/p>\n<p>Eski\u015fehirspor &#x27;da gol krall\u0131\u011f\u0131 sevinci ya\u015fayan \u00d6mer Kaner, daha sonra Fenerbah\u00e7e , Zonguldakspor, Freiburg, Karag\u00fcmr\u00fck ve Bak\u0131rk\u00f6yspor formalar\u0131n\u0131 terletti.<\/p>\n<p>103 GOLL\u00dc \u015eAMP\u0130YONLUKTA PAY SAH\u0130B\u0130YD\u0130<\/p>\n<p>Futbolculuk kariyerinin ard\u0131ndan Bak\u0131rk\u00f6yspor&#x27;da antren\u00f6rl\u00fc\u011fe ba\u015flayan ve 20 kul\u00fcpte g\u00f6rev alan Kaner, Fenerbah\u00e7e&#x27;nin 1988-89&#x27;da 103 golle rekor k\u0131rarak \u015fampiyon oldu\u011fu sezonda teknik direkt\u00f6r Todor Veselinovic&#x27;in yard\u0131mc\u0131l\u0131\u011f\u0131n\u0131 yapt\u0131.<\/p>\n<p>Futsal Milli Tak\u0131m\u0131&#x27;n\u0131 da bir d\u00f6nem \u00e7al\u0131\u015ft\u0131ran \u00d6mer Kaner, TFF &#x27;de de \u00e7e\u015fitli kademelerde uzun y\u0131llar hizmet verdi.<\/p>\n<p>FENERBAH\u00c7E&#x27;DEN BA\u015eSA\u011eLI\u011eI MESAJI<\/p>\n<p>Fenerbah\u00e7e Kul\u00fcb\u00fc de \u00d6mer Kaner&#x27;in vefat\u0131 dolay\u0131s\u0131yla ba\u015fsa\u011fl\u0131\u011f\u0131 mesaj\u0131 yay\u0131mlad\u0131.<\/p>\n<p>Sar\u0131-lacivertli kul\u00fcb\u00fcn internet sitesinden yay\u0131mlanan mesajda \u015fu ifadeler kullan\u0131ld\u0131:<\/p>\n<p>&quot;Kul\u00fcb\u00fcm\u00fcz\u00fcn 4740 sicil numaral\u0131 Y\u00fcksek Divan Kurulu&#8230;<\/p>\n","protected":false},"excerpt":{"rendered":"<p>Fenerbah\u00e7e&#8217;nin eski milli futbolcusu ve teknik direkt\u00f6r\u00fc \u00d6mer Kaner, 74 ya\u015f\u0131nda hayat\u0131n\u0131 kaybetti.<\/p>\n","protected":false},"author":2,"featured_media":1472,"comment_status":"open","ping_status":"open","sticky":false,"template":"","format":"standard","meta":{"footnotes":""},"categories":[8,5,7],"tags":[],"class_list":["post-1473","post","type-post","status-publish","format-standard","has-post-thumbnail","hentry","category-arsiv","category-son-dakika","category-spor"],"_links":{"self":[{"href":"https:\/\/eskigazeteci.com\/index.php?rest_route=\/wp\/v2\/posts\/1473","targetHints":{"allow":["GET"]}}],"collection":[{"href":"https:\/\/eskigazeteci.com\/index.php?rest_route=\/wp\/v2\/posts"}],"about":[{"href":"https:\/\/eskigazeteci.com\/index.php?rest_route=\/wp\/v2\/types\/post"}],"author":[{"embeddable":true,"href":"https:\/\/eskigazeteci.com\/index.php?rest_route=\/wp\/v2\/users\/2"}],"replies":[{"embeddable":true,"href":"https:\/\/eskigazeteci.com\/index.php?rest_route=%2Fwp%2Fv2%2Fcomments&post=1473"}],"version-history":[{"count":0,"href":"https:\/\/eskigazeteci.com\/index.php?rest_route=\/wp\/v2\/posts\/1473\/revisions"}],"wp:featuredmedia":[{"embeddable":true,"href":"https:\/\/eskigazeteci.com\/index.php?rest_route=\/wp\/v2\/media\/1472"}],"wp:attachment":[{"href":"https:\/\/eskigazeteci.com\/index.php?rest_route=%2Fwp%2Fv2%2Fmedia&parent=1473"}],"wp:term":[{"taxonomy":"category","embeddable":true,"href":"https:\/\/eskigazeteci.com\/index.php?rest_route=%2Fwp%2Fv2%2Fcategories&post=1473"},{"taxonomy":"post_tag","embeddable":true,"href":"https:\/\/eskigazeteci.com\/index.php?rest_route=%2Fwp%2Fv2%2Ftags&post=1473"}],"curies":[{"name":"wp","href":"https:\/\/api.w.org\/{rel}","templated":true}]}}