{"id":1471,"date":"2026-02-12T09:36:16","date_gmt":"2026-02-12T09:36:16","guid":{"rendered":"https:\/\/eskigazeteci.com\/?p=1471"},"modified":"2026-02-12T09:36:16","modified_gmt":"2026-02-12T09:36:16","slug":"ozan-orhon-fenerbahceye-mars-yapmaktan-gurur-duyarim","status":"publish","type":"post","link":"https:\/\/eskigazeteci.com\/?p=1471","title":{"rendered":"Ozan Orhon: Fenerbah\u00e7e&#8217;ye mar\u015f yapmaktan gurur duyar\u0131m"},"content":{"rendered":"<p>Sanat\u00e7\u0131; 90\u2019l\u0131 y\u0131llara dair an\u0131lar\u0131, m\u00fczik kariyeri ve futbol sohbetiyle programa damga vurdu. Ferdi Tayfur\u2019un efsane G\u00fclhane konserinde sahne alan Ozan Orhon, o g\u00fcn\u00fc kariyerinin en unutulmaz anlar\u0131ndan biri olarak anlatt\u0131. \u0130lk anda \u201cBu ne yap\u0131yor?\u201d tepkisiyle kar\u015f\u0131la\u015ft\u0131\u011f\u0131n\u0131 s\u00f6yleyen Orhon, \u201cAma benim i\u00e7in \u00e7ok keyifliydi. Ferdi Tayfur hayranlar\u0131 hala beni takip eder.\u201d dedi.<\/p>\n<p>Hakan Peker ile ba\u015flad\u0131<\/p>\n<p>Ozan Orhon , kimsenin gen\u00e7lere alan a\u00e7mad\u0131\u011f\u0131 90\u2019larda \u00f6ne \u00e7\u0131kan ilk isimlerden birinin kendisi oldu\u011funu belirterek bu yolun Hakan Peker\u2019le ba\u015flad\u0131\u011f\u0131n\u0131, Yonca Evcimik ve kendisiyle birlikte ivme kazand\u0131\u011f\u0131n\u0131 s\u00f6yledi.<\/p>\n<p>90\u2019lar\u0131n \u00dc\u00e7 B\u00fcy\u00fckleri<\/p>\n<p>90\u2019lar T\u00fcrk\u00e7e Pop\u2019un mimarlar\u0131 aras\u0131nda Onno Tun\u00e7 ve Garo Mafyan\u2019\u0131n bulundu\u011funu vurgulayan Orhon, o d\u00f6nemde olu\u015fan hayran kitlesini, \u201c90\u2019l\u0131 y\u0131llarda \u2018Tarkanc\u0131lar\u2019, \u2018Tayfuncular\u2019 ve \u2018Ozanc\u0131lar\u2019 vard\u0131. Bu rekabet adeta Galatasaray \u2013 Fenerbah\u00e7e \u2013 Be\u015fikta\u015f \u00e7eki\u015fmesi gibiydi.\u201d s\u00f6zleriyle tan\u0131mlad\u0131.<\/p>\n<p>Ferdi hayranlar\u0131n\u0131n vefas\u0131<\/p>\n<p>Ferdi Tayfur \u2019un efsanele\u015fen G\u00fclhane konserinde sahne alan Orhon, o g\u00fcn\u00fc kariyerinin en unutulmaz anlar\u0131ndan biri olarak nitelendirdi. Orhon, konserdeki Ferdi Tayfur hayranlar\u0131n\u0131n ba\u015fta \u2018Bu ne yap\u0131yor?\u2019 diye anlam veremedi\u011fini&#8230;<\/p>\n","protected":false},"excerpt":{"rendered":"<p>90\u2019lar\u0131n Y\u0131ld\u0131z\u0131 Ozan Orhon\u2019dan G\u00fclhane \u0130tiraf\u0131 D-Smart\u2019ta yay\u0131nlanan, Berke Kosova ve Semih Sezerli\u2019nin katk\u0131lar\u0131yla ekrana gelen 90\u2019lar Futbol Smart&#8230;<\/p>\n","protected":false},"author":2,"featured_media":1470,"comment_status":"open","ping_status":"open","sticky":false,"template":"","format":"standard","meta":{"footnotes":""},"categories":[8,6,5],"tags":[],"class_list":["post-1471","post","type-post","status-publish","format-standard","has-post-thumbnail","hentry","category-arsiv","category-gundem","category-son-dakika"],"_links":{"self":[{"href":"https:\/\/eskigazeteci.com\/index.php?rest_route=\/wp\/v2\/posts\/1471","targetHints":{"allow":["GET"]}}],"collection":[{"href":"https:\/\/eskigazeteci.com\/index.php?rest_route=\/wp\/v2\/posts"}],"about":[{"href":"https:\/\/eskigazeteci.com\/index.php?rest_route=\/wp\/v2\/types\/post"}],"author":[{"embeddable":true,"href":"https:\/\/eskigazeteci.com\/index.php?rest_route=\/wp\/v2\/users\/2"}],"replies":[{"embeddable":true,"href":"https:\/\/eskigazeteci.com\/index.php?rest_route=%2Fwp%2Fv2%2Fcomments&post=1471"}],"version-history":[{"count":0,"href":"https:\/\/eskigazeteci.com\/index.php?rest_route=\/wp\/v2\/posts\/1471\/revisions"}],"wp:featuredmedia":[{"embeddable":true,"href":"https:\/\/eskigazeteci.com\/index.php?rest_route=\/wp\/v2\/media\/1470"}],"wp:attachment":[{"href":"https:\/\/eskigazeteci.com\/index.php?rest_route=%2Fwp%2Fv2%2Fmedia&parent=1471"}],"wp:term":[{"taxonomy":"category","embeddable":true,"href":"https:\/\/eskigazeteci.com\/index.php?rest_route=%2Fwp%2Fv2%2Fcategories&post=1471"},{"taxonomy":"post_tag","embeddable":true,"href":"https:\/\/eskigazeteci.com\/index.php?rest_route=%2Fwp%2Fv2%2Ftags&post=1471"}],"curies":[{"name":"wp","href":"https:\/\/api.w.org\/{rel}","templated":true}]}}