{"id":1469,"date":"2026-02-12T09:30:51","date_gmt":"2026-02-12T09:30:51","guid":{"rendered":"https:\/\/eskigazeteci.com\/?p=1469"},"modified":"2026-02-12T09:30:51","modified_gmt":"2026-02-12T09:30:51","slug":"bakan-gurlek-ilk-hsk-toplantisina-baskanlik-etti","status":"publish","type":"post","link":"https:\/\/eskigazeteci.com\/?p=1469","title":{"rendered":"Bakan G\u00fcrlek, ilk HSK toplant\u0131s\u0131na ba\u015fkanl\u0131k etti"},"content":{"rendered":"<p>Bakan G\u00fcrlek, payla\u015f\u0131m\u0131nda \u015fu ifadelere yer verdi:<\/p>\n<p>Adalet Bakan\u0131, H\u00e2kimler ve Savc\u0131lar Kurulu Ba\u015fkan\u0131 s\u0131fat\u0131yla ilk HSK toplant\u0131m\u0131za ba\u015fkanl\u0131k ettik.<\/p>\n<p>Bu \u00f6nemli g\u00f6revi, yarg\u0131 te\u015fkilat\u0131m\u0131z\u0131n sorumlulu\u011funu ve milletimizin adalet beklentisini g\u00f6zeterek y\u00fcr\u00fctece\u011fiz.<\/p>\n<p>Liyakat, ehliyet ve mesleki yeterlili\u011fi esas alan; \u015feffaf, \u00f6ng\u00f6r\u00fclebilir ve adalet duygusunu g\u00fc\u00e7lendiren bir anlay\u0131\u015f\u0131 kararl\u0131l\u0131kla s\u00fcrd\u00fcrece\u011fiz.<\/p>\n<p>Yarg\u0131 te\u015fkilat\u0131m\u0131z\u0131n en \u00f6nemli kurumlar\u0131ndan biri olan Kurulumuzun \u00e7al\u0131\u015fmalar\u0131na katk\u0131 sunacak olmaktan b\u00fcy\u00fck bir onur duyuyorum.<\/p>\n<p>\u0130lk toplant\u0131m\u0131z\u0131n yarg\u0131 camiam\u0131z ve \u00fclkemiz i\u00e7in hay\u0131rl\u0131 olmas\u0131n\u0131 diliyorum.<\/p>\n<p>T\u00fcrkiye g\u00fcndeminden son dakika haberleri, bug\u00fcn ya\u015fanan en son geli\u015fmeler, siyaset g\u00fcndeminden g\u00fcncel haberler ve b\u00fct\u00fcn son dakika haberleri i\u00e7in H\u00fcrriyet&#x27;in internet haber sitesi hurriyet.com.tr; Hurriyet.com.tr haber i\u00e7erikleri kaynak g\u00f6sterilmeden al\u0131nt\u0131 yap\u0131lamaz, Kanuna ayk\u0131r\u0131 ve izinsiz olarak kopyalanamaz, ba\u015fka yerde yay\u0131nlanamaz.<\/p>\n","protected":false},"excerpt":{"rendered":"<p>Adalet Bakan\u0131 Ak\u0131n G\u00fcrlek, d\u00fcn g\u00f6revi devralmas\u0131n\u0131n ard\u0131ndan H\u00e2kimler ve Savc\u0131lar Kurulu Ba\u015fkan\u0131 s\u0131fat\u0131yla ilk HSK toplant\u0131s\u0131na kat\u0131ld\u0131.<\/p>\n","protected":false},"author":2,"featured_media":1468,"comment_status":"open","ping_status":"open","sticky":false,"template":"","format":"standard","meta":{"footnotes":""},"categories":[8,6,5],"tags":[],"class_list":["post-1469","post","type-post","status-publish","format-standard","has-post-thumbnail","hentry","category-arsiv","category-gundem","category-son-dakika"],"_links":{"self":[{"href":"https:\/\/eskigazeteci.com\/index.php?rest_route=\/wp\/v2\/posts\/1469","targetHints":{"allow":["GET"]}}],"collection":[{"href":"https:\/\/eskigazeteci.com\/index.php?rest_route=\/wp\/v2\/posts"}],"about":[{"href":"https:\/\/eskigazeteci.com\/index.php?rest_route=\/wp\/v2\/types\/post"}],"author":[{"embeddable":true,"href":"https:\/\/eskigazeteci.com\/index.php?rest_route=\/wp\/v2\/users\/2"}],"replies":[{"embeddable":true,"href":"https:\/\/eskigazeteci.com\/index.php?rest_route=%2Fwp%2Fv2%2Fcomments&post=1469"}],"version-history":[{"count":0,"href":"https:\/\/eskigazeteci.com\/index.php?rest_route=\/wp\/v2\/posts\/1469\/revisions"}],"wp:featuredmedia":[{"embeddable":true,"href":"https:\/\/eskigazeteci.com\/index.php?rest_route=\/wp\/v2\/media\/1468"}],"wp:attachment":[{"href":"https:\/\/eskigazeteci.com\/index.php?rest_route=%2Fwp%2Fv2%2Fmedia&parent=1469"}],"wp:term":[{"taxonomy":"category","embeddable":true,"href":"https:\/\/eskigazeteci.com\/index.php?rest_route=%2Fwp%2Fv2%2Fcategories&post=1469"},{"taxonomy":"post_tag","embeddable":true,"href":"https:\/\/eskigazeteci.com\/index.php?rest_route=%2Fwp%2Fv2%2Ftags&post=1469"}],"curies":[{"name":"wp","href":"https:\/\/api.w.org\/{rel}","templated":true}]}}