{"id":1467,"date":"2026-02-12T09:29:19","date_gmt":"2026-02-12T09:29:19","guid":{"rendered":"https:\/\/eskigazeteci.com\/?p=1467"},"modified":"2026-02-12T09:29:19","modified_gmt":"2026-02-12T09:29:19","slug":"akin-gurlekin-actigi-dava-sonuclandi-chp-genclik-kollari-genel-baskani-cem-aydin-hakkinda-1-yil-5-ay-hapis","status":"publish","type":"post","link":"https:\/\/eskigazeteci.com\/?p=1467","title":{"rendered":"Ak\u0131n G\u00fcrlek\u2019in a\u00e7t\u0131\u011f\u0131 dava sonu\u00e7land\u0131&#8230; CHP Gen\u00e7lik Kollar\u0131 Genel Ba\u015fkan\u0131 Cem Ayd\u0131n hakk\u0131nda 1 y\u0131l 5 ay hapis"},"content":{"rendered":"<p>\u0130stanbul Cumhuriyet Ba\u015fsavc\u0131l\u0131\u011f\u0131, CHP Gen\u00e7lik Kollar\u0131 Ba\u015fkan\u0131 Cem Ayd\u0131n\u2019\u0131n 19 Ocak 2025 tarihinde, sosyal medyadaki bir payla\u015f\u0131m\u0131nda \u0130stanbul Cumhuriyet eski Ba\u015fsavc\u0131s\u0131 Ak\u0131n G\u00fcrlek hakk\u0131nda sarf etti\u011fi s\u00f6zler nedeniyle \u2018Kamu g\u00f6revlisine g\u00f6revinden dolay\u0131 hakaret\u201d ve \u201cTer\u00f6rle m\u00fccadelede g\u00f6rev alm\u0131\u015f ki\u015fileri hedef g\u00f6stermek\u201d su\u00e7lar\u0131ndan yarg\u0131lanmas\u0131na devam edildi. \u0130stanbul 14. A\u011f\u0131r Ceza Mahkemesi\u2019nde g\u00f6r\u00fclen duru\u015fmaya, tutuksuz san\u0131k Cem Ayd\u0131n ile avukatlar\u0131 kat\u0131ld\u0131. CHP Genel Ba\u015fkan Yard\u0131mc\u0131s\u0131 Suat \u00d6z\u00e7a\u011fda\u015f, G\u00f6kan Zeybek ve CHP \u0130stanbul \u0130l Ba\u015fkan\u0131 \u00d6zg\u00fcr \u00c7elik ile bir\u00e7ok CHP\u2019li de duru\u015fmaya izleyici olarak geldi.<\/p>\n<p>&quot;S\u0130YASET YAPMAK SU\u00c7 DE\u011e\u0130L&quot;<\/p>\n<p>Cem Ayd\u0131n savunmas\u0131nda, \u201cBu davada yarg\u0131lanan Cem Ayd\u0131n\u2019\u0131n \u015fahs\u0131 de\u011fil, CHP Gen\u00e7lik \u00d6rg\u00fctleri ba\u015fta olmak \u00fczere T\u00fcrk gen\u00e7li\u011fidir. Bug\u00fcn burada rutin bir siyasi faaliyetin bu salonda yarg\u0131land\u0131\u011f\u0131 bir tabloyla kar\u015f\u0131 kar\u015f\u0131yay\u0131z. Bir siyasi partinin gen\u00e7lik kollar\u0131n\u0131n, kendi partisinin politikalar\u0131n\u0131 kurumsal hesaplar\u0131ndan duyurmas\u0131ndan daha do\u011fal ne olabilir? Genel Ba\u015fkan\u0131m\u0131z\u0131n s\u00f6zleri bizim parti politikam\u0131zd\u0131r ve bunu yaymak su\u00e7 de\u011fil, siyasi g\u00f6revimizdir. Rutin bir siyasi parti faaliyetini &quot;su\u00e7&quot; olarak nitelendirmek, milletin demokrasiye olan&#8230;<\/p>\n","protected":false},"excerpt":{"rendered":"<p>CHP Gen\u00e7lik Kollar\u0131 Ba\u015fkan\u0131 Cem Ayd\u0131n hakk\u0131nda \u0130stanbul Cumhuriyet eski Ba\u015fsavc\u0131s\u0131 Ak\u0131n G\u00fcrlek\u2019e ili\u015fkin yapt\u0131\u011f\u0131 payla\u015f\u0131m nedeniyle a\u00e7\u0131lan davada karar&#8230;<\/p>\n","protected":false},"author":2,"featured_media":1466,"comment_status":"open","ping_status":"open","sticky":false,"template":"","format":"standard","meta":{"footnotes":""},"categories":[8,6,5],"tags":[],"class_list":["post-1467","post","type-post","status-publish","format-standard","has-post-thumbnail","hentry","category-arsiv","category-gundem","category-son-dakika"],"_links":{"self":[{"href":"https:\/\/eskigazeteci.com\/index.php?rest_route=\/wp\/v2\/posts\/1467","targetHints":{"allow":["GET"]}}],"collection":[{"href":"https:\/\/eskigazeteci.com\/index.php?rest_route=\/wp\/v2\/posts"}],"about":[{"href":"https:\/\/eskigazeteci.com\/index.php?rest_route=\/wp\/v2\/types\/post"}],"author":[{"embeddable":true,"href":"https:\/\/eskigazeteci.com\/index.php?rest_route=\/wp\/v2\/users\/2"}],"replies":[{"embeddable":true,"href":"https:\/\/eskigazeteci.com\/index.php?rest_route=%2Fwp%2Fv2%2Fcomments&post=1467"}],"version-history":[{"count":0,"href":"https:\/\/eskigazeteci.com\/index.php?rest_route=\/wp\/v2\/posts\/1467\/revisions"}],"wp:featuredmedia":[{"embeddable":true,"href":"https:\/\/eskigazeteci.com\/index.php?rest_route=\/wp\/v2\/media\/1466"}],"wp:attachment":[{"href":"https:\/\/eskigazeteci.com\/index.php?rest_route=%2Fwp%2Fv2%2Fmedia&parent=1467"}],"wp:term":[{"taxonomy":"category","embeddable":true,"href":"https:\/\/eskigazeteci.com\/index.php?rest_route=%2Fwp%2Fv2%2Fcategories&post=1467"},{"taxonomy":"post_tag","embeddable":true,"href":"https:\/\/eskigazeteci.com\/index.php?rest_route=%2Fwp%2Fv2%2Ftags&post=1467"}],"curies":[{"name":"wp","href":"https:\/\/api.w.org\/{rel}","templated":true}]}}