{"id":1463,"date":"2026-02-12T09:26:15","date_gmt":"2026-02-12T09:26:15","guid":{"rendered":"https:\/\/eskigazeteci.com\/?p=1463"},"modified":"2026-02-12T09:26:15","modified_gmt":"2026-02-12T09:26:15","slug":"kurban-bayrami-ne-zaman-kac-gun-tatil-olacak-2026-kurban-bayrami-tarihi-ve-diyanet-takvimi","status":"publish","type":"post","link":"https:\/\/eskigazeteci.com\/?p=1463","title":{"rendered":"Kurban Bayram\u0131 ne zaman, ka\u00e7 g\u00fcn tatil olacak? 2026 Kurban Bayram\u0131 tarihi ve Diyanet takvimi"},"content":{"rendered":"<p>Her y\u0131l b\u00fcy\u00fck bir co\u015fkuyla kar\u015f\u0131lanan ve milyonlarca ki\u015finin tatil planlar\u0131n\u0131 \u015fekillendiren Kurban Bayram\u0131&#x27;n\u0131n 2026 y\u0131l\u0131ndaki tarihleri \u015fimdiden merak konusu oldu. Diyanet \u0130\u015fleri Ba\u015fkanl\u0131\u011f\u0131&#x27;n\u0131n takvimine g\u00f6re belirlenen Kurban Bayram\u0131 ba\u015flang\u0131\u00e7 ve biti\u015f g\u00fcnleri belli oldu. 2026 y\u0131l\u0131nda bahar aylar\u0131n\u0131n sonuna denk gelen Kurban Bayram\u0131, \u00e7al\u0131\u015fanlar i\u00e7in uzun soluklu bir tatil f\u0131rsat\u0131 sunuyor. Peki, 2026 Kurban Bayram\u0131 hangi g\u00fcn ba\u015flayacak, ka\u00e7 g\u00fcn s\u00fcrecek? \u0130\u015fte Kurban Bayram\u0131 ba\u015flang\u0131\u00e7 ve biti\u015f tarihi 2026!<\/p>\n<p>2026 y\u0131l\u0131nda Kurban Bayram\u0131&#x27;n\u0131n ba\u015flang\u0131\u00e7 tarihi belli oldu. Kurban Bayram\u0131&#x27;n\u0131n 1. G\u00fcn\u00fc: 27 May\u0131s 2026 \u00c7ar\u015famba g\u00fcn\u00fcne denk geliyor. Bayram, bu tarihte ba\u015flayarak d\u00f6rt g\u00fcn boyunca devam edecek. Kurban Bayram\u0131\u2019n\u0131n 4. G\u00fcn\u00fc 30 May\u0131s 2026 Cumartesi g\u00fcn\u00fc kutlanacak.<\/p>\n<p>2026 y\u0131l\u0131nda Kurban Bayram\u0131&#x27;n\u0131n ba\u015flang\u0131\u00e7 tarihi belli oldu. Kurban Bayram\u0131&#x27;n\u0131n 1. G\u00fcn\u00fc: 27 May\u0131s 2026 \u00c7ar\u015famba g\u00fcn\u00fcne denk geliyor. Bayram, bu tarihte ba\u015flayarak d\u00f6rt g\u00fcn boyunca devam edecek. Kurban Bayram\u0131\u2019n\u0131n 4. G\u00fcn\u00fc 30 May\u0131s 2026 Cumartesi g\u00fcn\u00fc kutlanacak.<\/p>\n<p>Kurban Bayram\u0131&#x27;ndan bir g\u00fcn \u00f6nce idrak edilen ve resmi olarak yar\u0131m g\u00fcn tatil kabul edilen Arife G\u00fcn\u00fc, 2026 y\u0131l\u0131nda haftan\u0131n ikinci i\u015f g\u00fcn\u00fc olan 26 May\u0131s Sal\u0131&#8230;<\/p>\n","protected":false},"excerpt":{"rendered":"<p>Kurban Bayram\u0131 2026 tarihi i\u00e7in ara\u015ft\u0131rmalar ba\u015flad\u0131. M\u00fcsl\u00fcman alemi i\u00e7in b\u00fcy\u00fck manevi anlam ta\u015f\u0131yan, yard\u0131mla\u015fma ve payla\u015fma ruhunun doru\u011fa \u00e7\u0131kt\u0131\u011f\u0131 Kurban&#8230;<\/p>\n","protected":false},"author":2,"featured_media":1462,"comment_status":"open","ping_status":"open","sticky":false,"template":"","format":"standard","meta":{"footnotes":""},"categories":[8,6,5],"tags":[],"class_list":["post-1463","post","type-post","status-publish","format-standard","has-post-thumbnail","hentry","category-arsiv","category-gundem","category-son-dakika"],"_links":{"self":[{"href":"https:\/\/eskigazeteci.com\/index.php?rest_route=\/wp\/v2\/posts\/1463","targetHints":{"allow":["GET"]}}],"collection":[{"href":"https:\/\/eskigazeteci.com\/index.php?rest_route=\/wp\/v2\/posts"}],"about":[{"href":"https:\/\/eskigazeteci.com\/index.php?rest_route=\/wp\/v2\/types\/post"}],"author":[{"embeddable":true,"href":"https:\/\/eskigazeteci.com\/index.php?rest_route=\/wp\/v2\/users\/2"}],"replies":[{"embeddable":true,"href":"https:\/\/eskigazeteci.com\/index.php?rest_route=%2Fwp%2Fv2%2Fcomments&post=1463"}],"version-history":[{"count":0,"href":"https:\/\/eskigazeteci.com\/index.php?rest_route=\/wp\/v2\/posts\/1463\/revisions"}],"wp:featuredmedia":[{"embeddable":true,"href":"https:\/\/eskigazeteci.com\/index.php?rest_route=\/wp\/v2\/media\/1462"}],"wp:attachment":[{"href":"https:\/\/eskigazeteci.com\/index.php?rest_route=%2Fwp%2Fv2%2Fmedia&parent=1463"}],"wp:term":[{"taxonomy":"category","embeddable":true,"href":"https:\/\/eskigazeteci.com\/index.php?rest_route=%2Fwp%2Fv2%2Fcategories&post=1463"},{"taxonomy":"post_tag","embeddable":true,"href":"https:\/\/eskigazeteci.com\/index.php?rest_route=%2Fwp%2Fv2%2Ftags&post=1463"}],"curies":[{"name":"wp","href":"https:\/\/api.w.org\/{rel}","templated":true}]}}