{"id":1461,"date":"2026-02-12T09:19:20","date_gmt":"2026-02-12T09:19:20","guid":{"rendered":"https:\/\/eskigazeteci.com\/?p=1461"},"modified":"2026-02-12T09:19:20","modified_gmt":"2026-02-12T09:19:20","slug":"msbden-orduda-sahile-vuran-iha-aciklamasi-rusyaya-ait-oldugu-degerlendiriliyor","status":"publish","type":"post","link":"https:\/\/eskigazeteci.com\/?p=1461","title":{"rendered":"MSB\u2019den Ordu\u2019da sahile vuran \u0130HA a\u00e7\u0131klamas\u0131: Rusya\u2019ya ait oldu\u011fu de\u011ferlendiriliyor"},"content":{"rendered":"<p>MSB\u2019den Ordu sahilinde bulunan \u0130HA ile ilgili yap\u0131lan a\u00e7\u0131klamada, &quot;10 \u015eubat 2026 tarihinde \u00dcnye\/Ordu\u2019da sahilde bir \u0130HA bulunmas\u0131 \u00fczerine \u20601 SAS timi, 11 \u015eubat\u2019ta b\u00f6lgeye intikal ettirildi. Patlay\u0131c\u0131 ihtiva etmeyen ve Rusya\u2019ya ait oldu\u011fu de\u011ferlendirilen \u0130HA incelenmek \u00fczerine \u00dcnye Emniyet M\u00fcd\u00fcrl\u00fc\u011f\u00fc\u2019ne teslim edildi.&quot; denildi. Ordu&#x27;da sahilde bulunan insans\u0131z hava arac\u0131<\/p>\n<p>SDG ENTEGRASYONU<\/p>\n<p>Suriye\u2019deki entegrasyona dair son durumu bildiren Milli Savunma Bakanl\u0131\u011f\u0131, \u201cSuriye H\u00fck\u00fbmeti ile SDG aras\u0131nda 30 Ocak\u2019ta imzalanan anla\u015fman\u0131n uygulanmas\u0131n\u0131 sahada yak\u0131ndan takip etmeye devam ediyoruz\u201d a\u00e7\u0131klamas\u0131n\u0131 yapt\u0131.<\/p>\n<p>GEM\u0130 SATI\u015e \u0130DD\u0130ALARI HAKKINDA<\/p>\n<p>MSB , gemi sat\u0131\u015f iddialar\u0131na ise \u015fu ifadelerle cevap verdi:<\/p>\n<p>\u201cT\u00fcrk Silahl\u0131 Kuvvetleri, d\u00fcnyadaki ve b\u00f6lgemizdeki her t\u00fcrl\u00fc geli\u015fmeyi takip etmekte, de\u011ferlendirmekte ve savunma ve g\u00fcvenli\u011fi i\u00e7in ihtiya\u00e7 duydu\u011fu platform ve sistemleri nicelik ve nitelik bak\u0131m\u0131ndan eksiksiz \u015fekilde temin edecek \u015fekilde planlamalar yapmaktad\u0131r.<\/p>\n<p>Gemi in\u015fa faaliyetlerimizin planlamas\u0131 da; Deniz Kuvvetlerimizin ihtiya\u00e7lar\u0131n\u0131 \u00f6nceleyen, gemi in\u015fa altyap\u0131m\u0131z\u0131n geli\u015ftirilmesine ve ihracat f\u0131rsatlar\u0131n\u0131n de\u011ferlendirilmesine imkan sa\u011flamak suretiyle s\u00fcrd\u00fcr\u00fclebilir bir gemi in\u015fa&#8230;<\/p>\n","protected":false},"excerpt":{"rendered":"<p>Milli Savunma Bakanl\u0131\u011f\u0131 (MSB), Ordu&#8217;nun \u00dcnye il\u00e7esinde sahilinde k\u0131y\u0131ya vurmu\u015f halde bulunan insans\u0131z hava arac\u0131n\u0131n (\u0130HA) Rusya\u2019ya ait oldu\u011funun&#8230;<\/p>\n","protected":false},"author":2,"featured_media":1460,"comment_status":"open","ping_status":"open","sticky":false,"template":"","format":"standard","meta":{"footnotes":""},"categories":[8,6,5],"tags":[],"class_list":["post-1461","post","type-post","status-publish","format-standard","has-post-thumbnail","hentry","category-arsiv","category-gundem","category-son-dakika"],"_links":{"self":[{"href":"https:\/\/eskigazeteci.com\/index.php?rest_route=\/wp\/v2\/posts\/1461","targetHints":{"allow":["GET"]}}],"collection":[{"href":"https:\/\/eskigazeteci.com\/index.php?rest_route=\/wp\/v2\/posts"}],"about":[{"href":"https:\/\/eskigazeteci.com\/index.php?rest_route=\/wp\/v2\/types\/post"}],"author":[{"embeddable":true,"href":"https:\/\/eskigazeteci.com\/index.php?rest_route=\/wp\/v2\/users\/2"}],"replies":[{"embeddable":true,"href":"https:\/\/eskigazeteci.com\/index.php?rest_route=%2Fwp%2Fv2%2Fcomments&post=1461"}],"version-history":[{"count":0,"href":"https:\/\/eskigazeteci.com\/index.php?rest_route=\/wp\/v2\/posts\/1461\/revisions"}],"wp:featuredmedia":[{"embeddable":true,"href":"https:\/\/eskigazeteci.com\/index.php?rest_route=\/wp\/v2\/media\/1460"}],"wp:attachment":[{"href":"https:\/\/eskigazeteci.com\/index.php?rest_route=%2Fwp%2Fv2%2Fmedia&parent=1461"}],"wp:term":[{"taxonomy":"category","embeddable":true,"href":"https:\/\/eskigazeteci.com\/index.php?rest_route=%2Fwp%2Fv2%2Fcategories&post=1461"},{"taxonomy":"post_tag","embeddable":true,"href":"https:\/\/eskigazeteci.com\/index.php?rest_route=%2Fwp%2Fv2%2Ftags&post=1461"}],"curies":[{"name":"wp","href":"https:\/\/api.w.org\/{rel}","templated":true}]}}