{"id":1459,"date":"2026-02-12T09:17:48","date_gmt":"2026-02-12T09:17:48","guid":{"rendered":"https:\/\/eskigazeteci.com\/?p=1459"},"modified":"2026-02-12T09:17:48","modified_gmt":"2026-02-12T09:17:48","slug":"abdden-kotu-niyetlilere-karsi-isbirligi-cagrisi","status":"publish","type":"post","link":"https:\/\/eskigazeteci.com\/?p=1459","title":{"rendered":"ABD&#8217;den &#8216;k\u00f6t\u00fc niyetlilere&#8217; kar\u015f\u0131 i\u015fbirli\u011fi \u00e7a\u011fr\u0131s\u0131"},"content":{"rendered":"<p>ABD Savunma Bakanl\u0131\u011f\u0131na g\u00f6re Hegseth, 34 \u00fclkeden \u00fcst d\u00fczey askeri yetkililerin kat\u0131ld\u0131\u011f\u0131 Bat\u0131 Yar\u0131mk\u00fcre Savunma Kuvvetleri Komutanlar\u0131 Konferans\u0131&#x27;nda a\u00e7\u0131klamalarda bulundu.<\/p>\n<p>S\u00f6z konusu \u00fclkelere, b\u00f6lgede faaliyet g\u00f6steren k\u00f6t\u00fc niyetli akt\u00f6rlere kar\u015f\u0131 cayd\u0131r\u0131c\u0131l\u0131k temelinde birlik olma \u00e7a\u011fr\u0131s\u0131nda bulunan Hegseth, &quot;Biz de t\u0131pk\u0131 sizin gibi bu yar\u0131mk\u00fcrede kal\u0131c\u0131 bar\u0131\u015f istiyoruz ve bunu ba\u015faraca\u011f\u0131z. \u00d6yleyse tatbikatlar, e\u011fitimler, operasyonlar ve istihbarat da dahil olmak \u00fczere, ordular\u0131m\u0131zla birlikte \u00e7al\u0131\u015fal\u0131m.&quot; diye konu\u015ftu.<\/p>\n<p>Hegseth, ABD&#x27;nin uzun y\u0131llar boyunca i\u00e7 g\u00fcvenli\u011fi ve Bat\u0131 Yar\u0131mk\u00fcre&#x27;yi ihmal etti\u011fini savunarak y\u0131llar sonra ilk defa anavatan\u0131 ve yar\u0131mk\u00fcredeki \u00f6nemli b\u00f6lgeleri korumaya \u00f6ncelik verildi\u011fini belirtti.<\/p>\n<p>Yurtd\u0131\u015f\u0131nda ya\u015fanan en son olaylar, d\u00fcnya g\u00fcndemine oturan d\u0131\u015f haberler, son dakika d\u00fcnya haberleri, di\u011fer d\u00fcnya \u00fclkelerinden g\u00fcncel haberler i\u00e7in T\u00fcrkiye&#x27;nin haber sitesi hurriyet.com.tr; Hurriyet.com.tr haber i\u00e7erikleri kaynak g\u00f6sterilmeden al\u0131nt\u0131 yap\u0131lamaz, Kanuna ayk\u0131r\u0131 ve izinsiz olarak kopyalanamaz, ba\u015fka yerde yay\u0131nlanamaz.<\/p>\n","protected":false},"excerpt":{"rendered":"<p>ABD Savunma Bakan\u0131 Pete Hegseth, Bat\u0131 Yar\u0131mk\u00fcre \u00fclkelerine, b\u00f6lgede faaliyet g\u00f6steren k\u00f6t\u00fc niyetli akt\u00f6rlere kar\u015f\u0131 cayd\u0131r\u0131c\u0131l\u0131k temelinde askeri a\u00e7\u0131dan&#8230;<\/p>\n","protected":false},"author":2,"featured_media":1458,"comment_status":"open","ping_status":"open","sticky":false,"template":"","format":"standard","meta":{"footnotes":""},"categories":[8,6,5],"tags":[],"class_list":["post-1459","post","type-post","status-publish","format-standard","has-post-thumbnail","hentry","category-arsiv","category-gundem","category-son-dakika"],"_links":{"self":[{"href":"https:\/\/eskigazeteci.com\/index.php?rest_route=\/wp\/v2\/posts\/1459","targetHints":{"allow":["GET"]}}],"collection":[{"href":"https:\/\/eskigazeteci.com\/index.php?rest_route=\/wp\/v2\/posts"}],"about":[{"href":"https:\/\/eskigazeteci.com\/index.php?rest_route=\/wp\/v2\/types\/post"}],"author":[{"embeddable":true,"href":"https:\/\/eskigazeteci.com\/index.php?rest_route=\/wp\/v2\/users\/2"}],"replies":[{"embeddable":true,"href":"https:\/\/eskigazeteci.com\/index.php?rest_route=%2Fwp%2Fv2%2Fcomments&post=1459"}],"version-history":[{"count":0,"href":"https:\/\/eskigazeteci.com\/index.php?rest_route=\/wp\/v2\/posts\/1459\/revisions"}],"wp:featuredmedia":[{"embeddable":true,"href":"https:\/\/eskigazeteci.com\/index.php?rest_route=\/wp\/v2\/media\/1458"}],"wp:attachment":[{"href":"https:\/\/eskigazeteci.com\/index.php?rest_route=%2Fwp%2Fv2%2Fmedia&parent=1459"}],"wp:term":[{"taxonomy":"category","embeddable":true,"href":"https:\/\/eskigazeteci.com\/index.php?rest_route=%2Fwp%2Fv2%2Fcategories&post=1459"},{"taxonomy":"post_tag","embeddable":true,"href":"https:\/\/eskigazeteci.com\/index.php?rest_route=%2Fwp%2Fv2%2Ftags&post=1459"}],"curies":[{"name":"wp","href":"https:\/\/api.w.org\/{rel}","templated":true}]}}