{"id":1455,"date":"2026-02-12T09:14:40","date_gmt":"2026-02-12T09:14:40","guid":{"rendered":"https:\/\/eskigazeteci.com\/?p=1455"},"modified":"2026-02-12T09:14:40","modified_gmt":"2026-02-12T09:14:40","slug":"istanbuldaki-sitenin-otoparkindan-cuvallarin-icindeki-30-milyon-dolar-calindi","status":"publish","type":"post","link":"https:\/\/eskigazeteci.com\/?p=1455","title":{"rendered":"\u0130stanbul&#8217;daki sitenin otopark\u0131ndan \u00e7uvallar\u0131n i\u00e7indeki 30 milyon dolar \u00e7al\u0131nd\u0131"},"content":{"rendered":"<p>Olay, \u015eenlikk\u00f6y Mahallesi&#x27;nde bulunan ve 24 saat g\u00fcvenlik bulunan bir sitede meydana geldi. \u0130ddiaya g\u00f6re, sitede ya\u015fayan ve Kapal\u0131\u00e7ar\u015f\u0131&#x27;da d\u00f6viz b\u00fcrosu i\u015fleten Bilal D., i\u015f yerinden ald\u0131\u011f\u0131 30 milyon dolar\u0131 ya\u015fad\u0131\u011f\u0131 sitenin otopark\u0131nda bulunan 2 araca \u00e7uvallarla koydu.<\/p>\n<p>Daha sonra 4 ki\u015fi ara\u00e7la siteye girdi ve otoparka indi. \u015e\u00fcpheliler, otoparktaki 2 arac\u0131n bagaj\u0131n\u0131 ve camlar\u0131n\u0131 k\u0131rarak i\u00e7inde dolarlar\u0131n oldu\u011fu \u00e7uvallar\u0131 \u00e7al\u0131p ka\u00e7t\u0131.<\/p>\n<p>POL\u0130S \u015e\u00dcPHEL\u0130LER\u0130 ARIYOR<\/p>\n<p>Bug\u00fcn saat 08.30 s\u0131ralar\u0131nda otoparka inen Bilal D., ara\u00e7lar\u0131n\u0131n kap\u0131lar\u0131n\u0131n ve camlar\u0131n\u0131n k\u0131r\u0131k oldu\u011funu g\u00f6rd\u00fc. \u00c7uvallar\u0131n da yerinde olmad\u0131\u011f\u0131n\u0131 farkeden Bilal D. durumu polis ekiplerine bildirdi.<\/p>\n<p>4 \u015e\u00dcPHEL\u0130 ARANIYOR<\/p>\n<p>Bilal D. olay yerine gelen polis ekiplerine her iki ara\u00e7taki \u00e7uvallar\u0131n i\u00e7erisinde 30 milyon dolar oldu\u011funu s\u00f6yledi. Polis ekipleri sitede ve otopark k\u0131sm\u0131nda bir s\u00fcre incelemelerde bulundu. G\u00fcvenlik kameralar\u0131n\u0131 incelemeye alan polis ekipleri 4 \u015f\u00fcpheliyi yakalamak i\u00e7in \u00e7al\u0131\u015fma ba\u015flatt\u0131.<\/p>\n<p>T\u00fcrkiye g\u00fcndeminden son dakika haberleri, bug\u00fcn ya\u015fanan en son geli\u015fmeler, siyaset g\u00fcndeminden g\u00fcncel haberler ve b\u00fct\u00fcn son dakika haberleri i\u00e7in H\u00fcrriyet&#x27;in internet haber sitesi hurriyet.com.tr; Hurriyet.com.tr haber&#8230;<\/p>\n","protected":false},"excerpt":{"rendered":"<p>Kapal\u0131\u00e7ar\u015f\u0131&#8217;da d\u00f6viz b\u00fcrosu i\u015fleten Bilal D., \u00e7uval i\u00e7erisine koydu\u011fu 30 milyon dolarla Bak\u0131rk\u00f6y&#8217;de ya\u015fad\u0131\u011f\u0131 siteye geldi. \u0130ddiaya g\u00f6re, Bilal D. sitenin&#8230;<\/p>\n","protected":false},"author":2,"featured_media":1454,"comment_status":"open","ping_status":"open","sticky":false,"template":"","format":"standard","meta":{"footnotes":""},"categories":[8,6,5],"tags":[],"class_list":["post-1455","post","type-post","status-publish","format-standard","has-post-thumbnail","hentry","category-arsiv","category-gundem","category-son-dakika"],"_links":{"self":[{"href":"https:\/\/eskigazeteci.com\/index.php?rest_route=\/wp\/v2\/posts\/1455","targetHints":{"allow":["GET"]}}],"collection":[{"href":"https:\/\/eskigazeteci.com\/index.php?rest_route=\/wp\/v2\/posts"}],"about":[{"href":"https:\/\/eskigazeteci.com\/index.php?rest_route=\/wp\/v2\/types\/post"}],"author":[{"embeddable":true,"href":"https:\/\/eskigazeteci.com\/index.php?rest_route=\/wp\/v2\/users\/2"}],"replies":[{"embeddable":true,"href":"https:\/\/eskigazeteci.com\/index.php?rest_route=%2Fwp%2Fv2%2Fcomments&post=1455"}],"version-history":[{"count":0,"href":"https:\/\/eskigazeteci.com\/index.php?rest_route=\/wp\/v2\/posts\/1455\/revisions"}],"wp:featuredmedia":[{"embeddable":true,"href":"https:\/\/eskigazeteci.com\/index.php?rest_route=\/wp\/v2\/media\/1454"}],"wp:attachment":[{"href":"https:\/\/eskigazeteci.com\/index.php?rest_route=%2Fwp%2Fv2%2Fmedia&parent=1455"}],"wp:term":[{"taxonomy":"category","embeddable":true,"href":"https:\/\/eskigazeteci.com\/index.php?rest_route=%2Fwp%2Fv2%2Fcategories&post=1455"},{"taxonomy":"post_tag","embeddable":true,"href":"https:\/\/eskigazeteci.com\/index.php?rest_route=%2Fwp%2Fv2%2Ftags&post=1455"}],"curies":[{"name":"wp","href":"https:\/\/api.w.org\/{rel}","templated":true}]}}