{"id":1453,"date":"2026-02-12T09:13:08","date_gmt":"2026-02-12T09:13:08","guid":{"rendered":"https:\/\/eskigazeteci.com\/?p=1453"},"modified":"2026-02-12T09:13:08","modified_gmt":"2026-02-12T09:13:08","slug":"3-yasindaki-melindanin-kahreden-olumu-ondan-geriye-bu-goruntuler-kaldi","status":"publish","type":"post","link":"https:\/\/eskigazeteci.com\/?p=1453","title":{"rendered":"3 ya\u015f\u0131ndaki Melinda&#8217;n\u0131n kahreden \u00f6l\u00fcm\u00fc: Ondan geriye bu g\u00f6r\u00fcnt\u00fcler kald\u0131"},"content":{"rendered":"<p>Melinda Aydemir, 3&#x27;\u00fcnc\u00fc kattaki evlerinin balkonundan d\u00fc\u015ft\u00fc. \u0130hbar \u00fczerine adrese sa\u011fl\u0131k ve polis ekipleri sevk edildi. \u0130lk m\u00fcdahalesinin ard\u0131ndan Aydemir, Mardin E\u011fitim ve Ara\u015ft\u0131rma Hastanesi&#x27;ne kald\u0131r\u0131ld\u0131. Tedaviye al\u0131nan Melinda Aydemir, sabah saatlerinde hayat\u0131n\u0131 kaybetti.<\/p>\n","protected":false},"excerpt":{"rendered":"<p>Olay, d\u00fcn Ye\u015filli il\u00e7esi G\u00fcl Mahallesi&#8217;nde meydana geldi.<\/p>\n","protected":false},"author":2,"featured_media":1452,"comment_status":"open","ping_status":"open","sticky":false,"template":"","format":"standard","meta":{"footnotes":""},"categories":[8,6,5],"tags":[],"class_list":["post-1453","post","type-post","status-publish","format-standard","has-post-thumbnail","hentry","category-arsiv","category-gundem","category-son-dakika"],"_links":{"self":[{"href":"https:\/\/eskigazeteci.com\/index.php?rest_route=\/wp\/v2\/posts\/1453","targetHints":{"allow":["GET"]}}],"collection":[{"href":"https:\/\/eskigazeteci.com\/index.php?rest_route=\/wp\/v2\/posts"}],"about":[{"href":"https:\/\/eskigazeteci.com\/index.php?rest_route=\/wp\/v2\/types\/post"}],"author":[{"embeddable":true,"href":"https:\/\/eskigazeteci.com\/index.php?rest_route=\/wp\/v2\/users\/2"}],"replies":[{"embeddable":true,"href":"https:\/\/eskigazeteci.com\/index.php?rest_route=%2Fwp%2Fv2%2Fcomments&post=1453"}],"version-history":[{"count":0,"href":"https:\/\/eskigazeteci.com\/index.php?rest_route=\/wp\/v2\/posts\/1453\/revisions"}],"wp:featuredmedia":[{"embeddable":true,"href":"https:\/\/eskigazeteci.com\/index.php?rest_route=\/wp\/v2\/media\/1452"}],"wp:attachment":[{"href":"https:\/\/eskigazeteci.com\/index.php?rest_route=%2Fwp%2Fv2%2Fmedia&parent=1453"}],"wp:term":[{"taxonomy":"category","embeddable":true,"href":"https:\/\/eskigazeteci.com\/index.php?rest_route=%2Fwp%2Fv2%2Fcategories&post=1453"},{"taxonomy":"post_tag","embeddable":true,"href":"https:\/\/eskigazeteci.com\/index.php?rest_route=%2Fwp%2Fv2%2Ftags&post=1453"}],"curies":[{"name":"wp","href":"https:\/\/api.w.org\/{rel}","templated":true}]}}