{"id":1449,"date":"2026-02-12T09:10:14","date_gmt":"2026-02-12T09:10:14","guid":{"rendered":"https:\/\/eskigazeteci.com\/?p=1449"},"modified":"2026-02-12T09:10:14","modified_gmt":"2026-02-12T09:10:14","slug":"kayseride-feci-kaza-ogrenci-servisi-tira-arkadan-carpti-1-olu-7-yarali","status":"publish","type":"post","link":"https:\/\/eskigazeteci.com\/?p=1449","title":{"rendered":"Kayseri&#8217;de feci kaza! \u00d6\u011frenci servisi, TIR&#8217;a arkadan \u00e7arpt\u0131: 1 \u00f6l\u00fc, 7 yaral\u0131"},"content":{"rendered":"<p>Kaza, sabah saatlerinde Kayseri -Malatya yolunun 65&#x27;inci kilometresi P\u0131narba\u015f\u0131 il\u00e7esine yak\u0131n Bah\u00e7ecik bay\u0131r\u0131nda meydana geldi. S\u00fcr\u00fcc\u00fc ve plakas\u0131 hen\u00fcz \u00f6\u011frenilemeyen \u00f6\u011frenci servisi , TIR &#x27;a arkadan \u00e7arpt\u0131. Kazada serviste bulunan \u00f6\u011frenci velisi Hasan K., hayat\u0131n\u0131 kaybetti, s\u00fcr\u00fcc\u00fc ile 6 \u00f6\u011frenci yaraland\u0131.<\/p>\n<p>\u00c7evredekilerin ihbar\u0131yla olay yerine AFAD, jandarma, sa\u011fl\u0131k ve itfaiye ekipleri sevk edildi. Olay yerine gelen AFAD ve itfaiye ekipleri, ara\u00e7ta s\u0131k\u0131\u015fan baz\u0131 yolcular\u0131 kurtard\u0131. 1&#x27;i a\u011f\u0131r 7 yaral\u0131, sa\u011fl\u0131k ekiplerinin ilk m\u00fcdahalesinin ard\u0131ndan \u00e7e\u015fitli hastanelere kald\u0131rd\u0131.<\/p>\n<p>Kazayla ilgili soru\u015fturma ba\u015flat\u0131ld\u0131.<\/p>\n<p>T\u00fcrkiye g\u00fcndeminden son dakika haberleri, bug\u00fcn ya\u015fanan en son geli\u015fmeler, siyaset g\u00fcndeminden g\u00fcncel haberler ve b\u00fct\u00fcn son dakika haberleri i\u00e7in H\u00fcrriyet&#x27;in internet haber sitesi hurriyet.com.tr; Hurriyet.com.tr haber i\u00e7erikleri kaynak g\u00f6sterilmeden al\u0131nt\u0131 yap\u0131lamaz, Kanuna ayk\u0131r\u0131 ve izinsiz olarak kopyalanamaz, ba\u015fka yerde yay\u0131nlanamaz.<\/p>\n","protected":false},"excerpt":{"rendered":"<p>Kayseri- Malatya kara yolunda \u00f6\u011frenci servisinin TIR&#8217;a arkadan \u00e7arpt\u0131\u011f\u0131 kazada 1 ki\u015fi hayat\u0131n\u0131 kaybetti, 1&#8217;i a\u011f\u0131r, 7 ki\u015fi yaraland\u0131.<\/p>\n","protected":false},"author":2,"featured_media":1448,"comment_status":"open","ping_status":"open","sticky":false,"template":"","format":"standard","meta":{"footnotes":""},"categories":[8,6,5],"tags":[],"class_list":["post-1449","post","type-post","status-publish","format-standard","has-post-thumbnail","hentry","category-arsiv","category-gundem","category-son-dakika"],"_links":{"self":[{"href":"https:\/\/eskigazeteci.com\/index.php?rest_route=\/wp\/v2\/posts\/1449","targetHints":{"allow":["GET"]}}],"collection":[{"href":"https:\/\/eskigazeteci.com\/index.php?rest_route=\/wp\/v2\/posts"}],"about":[{"href":"https:\/\/eskigazeteci.com\/index.php?rest_route=\/wp\/v2\/types\/post"}],"author":[{"embeddable":true,"href":"https:\/\/eskigazeteci.com\/index.php?rest_route=\/wp\/v2\/users\/2"}],"replies":[{"embeddable":true,"href":"https:\/\/eskigazeteci.com\/index.php?rest_route=%2Fwp%2Fv2%2Fcomments&post=1449"}],"version-history":[{"count":0,"href":"https:\/\/eskigazeteci.com\/index.php?rest_route=\/wp\/v2\/posts\/1449\/revisions"}],"wp:featuredmedia":[{"embeddable":true,"href":"https:\/\/eskigazeteci.com\/index.php?rest_route=\/wp\/v2\/media\/1448"}],"wp:attachment":[{"href":"https:\/\/eskigazeteci.com\/index.php?rest_route=%2Fwp%2Fv2%2Fmedia&parent=1449"}],"wp:term":[{"taxonomy":"category","embeddable":true,"href":"https:\/\/eskigazeteci.com\/index.php?rest_route=%2Fwp%2Fv2%2Fcategories&post=1449"},{"taxonomy":"post_tag","embeddable":true,"href":"https:\/\/eskigazeteci.com\/index.php?rest_route=%2Fwp%2Fv2%2Ftags&post=1449"}],"curies":[{"name":"wp","href":"https:\/\/api.w.org\/{rel}","templated":true}]}}