{"id":1445,"date":"2026-02-12T09:07:12","date_gmt":"2026-02-12T09:07:12","guid":{"rendered":"https:\/\/eskigazeteci.com\/?p=1445"},"modified":"2026-02-12T09:07:12","modified_gmt":"2026-02-12T09:07:12","slug":"israilden-lubnanda-2-bolgeye-baskin","status":"publish","type":"post","link":"https:\/\/eskigazeteci.com\/?p=1445","title":{"rendered":"\u0130srail&#8217;den L\u00fcbnan&#8217;da 2 b\u00f6lgeye bask\u0131n"},"content":{"rendered":"<p>L\u00fcbnan resmi ajans\u0131 NNA&#x27;da yer alan habere g\u00f6re, \u0130srail ordusu Udeyse ve Kefr Kila beldelerine bask\u0131n yapt\u0131.<\/p>\n<p>\u0130srail askerleri Udeyse&#x27;de 2, Kefr Kila&#x27;da 1 evi bomba yerle\u015ftirerek havaya u\u00e7urdu.<\/p>\n<p>\u0130SRA\u0130L&#x27;\u0130N G\u00dcNEY L\u00dcBNAN &#x27;I \u0130\u015eGAL\u0130<\/p>\n<p>\u0130srail, Ekim 2023&#x27;te L\u00fcbnan&#x27;a sald\u0131r\u0131 ba\u015flatm\u0131\u015f, Eyl\u00fcl 2024&#x27;te bu sald\u0131r\u0131 geni\u015f \u00e7apl\u0131 sava\u015fa d\u00f6n\u00fc\u015fm\u00fc\u015ft\u00fc. Sava\u015fta 4 binden fazla ki\u015fi hayat\u0131n\u0131 kaybetmi\u015f, yakla\u015f\u0131k 17 bin ki\u015fi yaralanm\u0131\u015ft\u0131.<\/p>\n<p>L\u00fcbnan ile \u0130srail aras\u0131nda 27 Kas\u0131m 2024&#x27;te sa\u011flanan ate\u015fkes anla\u015fmas\u0131na ra\u011fmen \u0130srail&#x27;in ate\u015fkesi binlerce kez ihlal etti\u011fi kaydedilmi\u015fti.<\/p>\n<p>\u0130srail, L\u00fcbnan&#x27;da 8 Ekim 2023&#x27;ten sonra ele ge\u00e7irdi\u011fi 5 tepeyi h\u00e2l\u00e2 i\u015fgal alt\u0131nda tutarken, onlarca y\u0131ld\u0131r elinde bulundurdu\u011fu baz\u0131 b\u00f6lgelerdeki varl\u0131\u011f\u0131n\u0131 da koruyor.<\/p>\n<p>Sa\u011fl\u0131k Bakanl\u0131\u011f\u0131, ate\u015fkesi ihlal eden \u0130srail &#x27;in 27 Kas\u0131m 2024-20 Kas\u0131m 2025 tarihleri aras\u0131nda L\u00fcbnan &#x27;a d\u00fczenledi\u011fi sald\u0131r\u0131larda 331 ki\u015finin hayat\u0131n\u0131 kaybetti\u011fini, 945 ki\u015finin yaraland\u0131\u011f\u0131n\u0131 duyurmu\u015ftu.<\/p>\n<p>Yurtd\u0131\u015f\u0131nda ya\u015fanan en son olaylar, d\u00fcnya g\u00fcndemine oturan d\u0131\u015f haberler, son dakika d\u00fcnya haberleri, di\u011fer d\u00fcnya \u00fclkelerinden g\u00fcncel haberler i\u00e7in T\u00fcrkiye&#x27;nin haber sitesi hurriyet.com.tr; Hurriyet.com.tr haber i\u00e7erikleri kaynak g\u00f6sterilmeden al\u0131nt\u0131 yap\u0131lamaz, Kanuna&#8230;<\/p>\n","protected":false},"excerpt":{"rendered":"<p>\u0130srail ordusu L\u00fcbnan&#8217;\u0131n g\u00fcneyindeki El-Udeyse ve Kefr Kila beldelerine bask\u0131n d\u00fczenleyerek baz\u0131 binalar\u0131 y\u0131kt\u0131.<\/p>\n","protected":false},"author":2,"featured_media":1444,"comment_status":"open","ping_status":"open","sticky":false,"template":"","format":"standard","meta":{"footnotes":""},"categories":[8,6,5],"tags":[],"class_list":["post-1445","post","type-post","status-publish","format-standard","has-post-thumbnail","hentry","category-arsiv","category-gundem","category-son-dakika"],"_links":{"self":[{"href":"https:\/\/eskigazeteci.com\/index.php?rest_route=\/wp\/v2\/posts\/1445","targetHints":{"allow":["GET"]}}],"collection":[{"href":"https:\/\/eskigazeteci.com\/index.php?rest_route=\/wp\/v2\/posts"}],"about":[{"href":"https:\/\/eskigazeteci.com\/index.php?rest_route=\/wp\/v2\/types\/post"}],"author":[{"embeddable":true,"href":"https:\/\/eskigazeteci.com\/index.php?rest_route=\/wp\/v2\/users\/2"}],"replies":[{"embeddable":true,"href":"https:\/\/eskigazeteci.com\/index.php?rest_route=%2Fwp%2Fv2%2Fcomments&post=1445"}],"version-history":[{"count":0,"href":"https:\/\/eskigazeteci.com\/index.php?rest_route=\/wp\/v2\/posts\/1445\/revisions"}],"wp:featuredmedia":[{"embeddable":true,"href":"https:\/\/eskigazeteci.com\/index.php?rest_route=\/wp\/v2\/media\/1444"}],"wp:attachment":[{"href":"https:\/\/eskigazeteci.com\/index.php?rest_route=%2Fwp%2Fv2%2Fmedia&parent=1445"}],"wp:term":[{"taxonomy":"category","embeddable":true,"href":"https:\/\/eskigazeteci.com\/index.php?rest_route=%2Fwp%2Fv2%2Fcategories&post=1445"},{"taxonomy":"post_tag","embeddable":true,"href":"https:\/\/eskigazeteci.com\/index.php?rest_route=%2Fwp%2Fv2%2Ftags&post=1445"}],"curies":[{"name":"wp","href":"https:\/\/api.w.org\/{rel}","templated":true}]}}