{"id":1441,"date":"2026-02-12T09:04:08","date_gmt":"2026-02-12T09:04:08","guid":{"rendered":"https:\/\/eskigazeteci.com\/?p=1441"},"modified":"2026-02-12T09:04:08","modified_gmt":"2026-02-12T09:04:08","slug":"dursun-ozbekten-icardi-aciklamasi-tarih-verdi","status":"publish","type":"post","link":"https:\/\/eskigazeteci.com\/?p=1441","title":{"rendered":"Dursun \u00d6zbek&#8217;ten Icardi a\u00e7\u0131klamas\u0131! Tarih verdi"},"content":{"rendered":"<p>Galatasaray Ba\u015fkan\u0131 Dursun \u00d6zbek kad\u0131n basketbol ve kad\u0131n voleybol tak\u0131mlar\u0131n\u0131n forma s\u0131rt sponsorlu\u011fu i\u00e7in yap\u0131lan imza t\u00f6reninde a\u00e7\u0131klamalarda bulundu.<\/p>\n<p>Dursun \u00d6zbek&#x27;in a\u00e7\u0131klamalar\u0131 \u015fu \u015fekilde:<\/p>\n<p>&quot;GALATASARAY \u0130LE O KONUYU \u0130L\u0130\u015eK\u0130LEND\u0130RMEK \u0130MKANSIZ&quot;<\/p>\n<p>&quot;\u0130brahim Hac\u0131osmano\u011flu ile T\u00fcrk futbolu, Galatasaray ve TFF hakk\u0131nda s\u00fcrekli yap\u0131lan toplant\u0131lardan bir tanesini ger\u00e7ekle\u015ftirdik. Sanki n\u00fckleer bar\u0131\u015f anla\u015fmas\u0131 i\u00e7in uluslararas\u0131 boyutta devletlerin ba\u015fkanlar\u0131 bir araya gelmi\u015f gibi konu\u015fuluyor. Galatasaray&#x27;\u0131n ba\u015fkan\u0131y\u0131m, \u0130brahim Bey de TFF&#x27;nin ba\u015fkan\u0131. N\u00fckleer Bar\u0131\u015f Anla\u015fmas\u0131 i\u00e7in dev ba\u015fkanlar\u0131 bir aya gelmi\u015f gibi&#8230; &#x27;Geldiniz, ne konu\u015ftunuz?&#x27; S\u00fcrekli yapt\u0131\u011f\u0131m\u0131z toplant\u0131lardan birini yapt\u0131k ve T\u00fcrk futbolu hakk\u0131nda konu\u015ftuk. Galatasaray ile o konuyu ili\u015fkilendirmek imkans\u0131z.<\/p>\n<p>&quot;K\u0130MSE BULANIK SUDA BALIK AVLAMAYA KALKMASIN&quot;<\/p>\n<p>Hepiniz biliyorsunuz konunun ne oldu\u011funu, \u00fc\u00e7 sene arka arkaya \u015fampiyon bir tak\u0131m, d\u00f6rd\u00fcnc\u00fc senesinde lider bir tak\u0131m&#8230; Finansal problemlerini \u00e7\u00f6zm\u00fc\u015f bir tak\u0131m, yat\u0131r\u0131mlar\u0131n\u0131 \u00e7\u00f6zm\u00fc\u015f bir tak\u0131m, kendi camias\u0131 i\u00e7inde tek y\u00fcrek olmu\u015f bir tak\u0131m, kendi camias\u0131nda bar\u0131\u015f\u0131 olu\u015fturmu\u015f bir tak\u0131m&#8230; Ve bu tak\u0131m\u0131n ba\u015fkan\u0131 TFF Ba\u015fkan\u0131&#x27;na &#x27;Camiam\u0131zda s\u0131k\u0131nt\u0131 var&#x27; diyecek. Bizde ne&#8230;<\/p>\n","protected":false},"excerpt":{"rendered":"<p>Galatasaray Ba\u015fkan\u0131 Dursun \u00d6zbek, sponsorluk anla\u015fmas\u0131n\u0131n imza t\u00f6reninde kul\u00fcb\u00fcn g\u00fcndemine dair a\u00e7\u0131klamalarda bulundu.<\/p>\n","protected":false},"author":2,"featured_media":1440,"comment_status":"open","ping_status":"open","sticky":false,"template":"","format":"standard","meta":{"footnotes":""},"categories":[8,5,7],"tags":[],"class_list":["post-1441","post","type-post","status-publish","format-standard","has-post-thumbnail","hentry","category-arsiv","category-son-dakika","category-spor"],"_links":{"self":[{"href":"https:\/\/eskigazeteci.com\/index.php?rest_route=\/wp\/v2\/posts\/1441","targetHints":{"allow":["GET"]}}],"collection":[{"href":"https:\/\/eskigazeteci.com\/index.php?rest_route=\/wp\/v2\/posts"}],"about":[{"href":"https:\/\/eskigazeteci.com\/index.php?rest_route=\/wp\/v2\/types\/post"}],"author":[{"embeddable":true,"href":"https:\/\/eskigazeteci.com\/index.php?rest_route=\/wp\/v2\/users\/2"}],"replies":[{"embeddable":true,"href":"https:\/\/eskigazeteci.com\/index.php?rest_route=%2Fwp%2Fv2%2Fcomments&post=1441"}],"version-history":[{"count":0,"href":"https:\/\/eskigazeteci.com\/index.php?rest_route=\/wp\/v2\/posts\/1441\/revisions"}],"wp:featuredmedia":[{"embeddable":true,"href":"https:\/\/eskigazeteci.com\/index.php?rest_route=\/wp\/v2\/media\/1440"}],"wp:attachment":[{"href":"https:\/\/eskigazeteci.com\/index.php?rest_route=%2Fwp%2Fv2%2Fmedia&parent=1441"}],"wp:term":[{"taxonomy":"category","embeddable":true,"href":"https:\/\/eskigazeteci.com\/index.php?rest_route=%2Fwp%2Fv2%2Fcategories&post=1441"},{"taxonomy":"post_tag","embeddable":true,"href":"https:\/\/eskigazeteci.com\/index.php?rest_route=%2Fwp%2Fv2%2Ftags&post=1441"}],"curies":[{"name":"wp","href":"https:\/\/api.w.org\/{rel}","templated":true}]}}