{"id":144,"date":"2026-02-09T09:33:33","date_gmt":"2026-02-09T09:33:33","guid":{"rendered":"https:\/\/eskigazeteci.com\/?p=144"},"modified":"2026-02-09T09:33:33","modified_gmt":"2026-02-09T09:33:33","slug":"haber-47","status":"publish","type":"post","link":"https:\/\/eskigazeteci.com\/?p=144","title":{"rendered":"Haber"},"content":{"rendered":"<p>Bakan Yerlikaya, payla\u015f\u0131m\u0131nda \u015fu ifadelere yer verdi:<\/p>\n<p>FET\u00d6&#x27;ye y\u00f6nelik 29 ilde Jandarmam\u0131z taraf\u0131ndan son 2 haftad\u0131r d\u00fczenlenen operasyonlar\u0131m\u0131zda 63 \u015f\u00fcpheliyi yakalad\u0131k.<\/p>\n<p>FET\u00d6 ter\u00f6r \u00f6rg\u00fct\u00fcn\u00fcn &quot;G\u00fcncel Yap\u0131lanmas\u0131&quot; i\u00e7erisinde faaliyet y\u00fcr\u00fcten, Ankes\u00f6rl\u00fc telefonlarla \u00f6rg\u00fct i\u00e7erisinde sorumlu \u015fah\u0131slar ile irtibatta bulunan, Ter\u00f6r \u00f6rg\u00fct\u00fcyle iltisakl\u0131 s\u00f6zde yard\u0131m kurulu\u015flar\u0131na finans sa\u011flayan, Sosyal medya hesaplar\u0131 \u00fczerinden FET\u00d6&#x27;n\u00fcn propagandas\u0131n\u0131 yapan ve Yurt d\u0131\u015f\u0131na ka\u00e7ma giri\u015fiminde bulunan 63 \u015f\u00fcpheli yakaland\u0131.<\/p>\n<p>41&#x27;i TUTUKLANDI.<\/p>\n<p>4&#x27;\u00fc hakk\u0131nda adli kontrol h\u00fck\u00fcmleri uyguland\u0131. Di\u011ferlerinin i\u015flemleri devam ediyor.<\/p>\n<p>Cumhuriyet Ba\u015fsavc\u0131l\u0131klar\u0131m\u0131z ile Jandarma TEM Daire Ba\u015fkanl\u0131\u011f\u0131m\u0131z koordinesinde, \u0130l Jandarma Komutanl\u0131klar\u0131m\u0131zca; Adana, Ad\u0131yaman, Afyonkarahisar, Ankara, Antalya, Ayd\u0131n, Bal\u0131kesir, \u00c7orum, Denizli, Edirne, Eski\u015fehir, Hatay, \u0130stanbul, \u0130zmir, Kahramanmara\u015f, Karab\u00fck, Kastamonu, K\u0131r\u0131kkale, Konya, K\u00fctahya, Malatya, Manisa, Osmaniye, Samsun, Sinop, Tekirda\u011f, Tokat, Yozgat ve Zonguldak&#x27;ta operasyonlar d\u00fczenlendi.<\/p>\n<p>Milli iradeye kar\u015f\u0131 kurulan tuzaklar bir bir bozuluyor. Devletimizin b\u00fct\u00fcnl\u00fc\u011f\u00fcne, milletimizin huzuruna kastedenlerle m\u00fccadelemiz kararl\u0131l\u0131kla devam ediyor.<\/p>\n<p>Eme\u011fi ge\u00e7enleri tebrik ediyorum.<\/p>\n<p>T\u00fcrkiye g\u00fcndeminden son dakika haberleri, bug\u00fcn ya\u015fanan en son geli\u015fmeler, siyaset g\u00fcndeminden g\u00fcncel haberler ve b\u00fct\u00fcn son dakika haberleri i\u00e7in H\u00fcrriyet&#x27;in internet haber sitesi hurriyet.com.tr; Hurriyet.com.tr haber i\u00e7erikleri kaynak g\u00f6sterilmeden al\u0131nt\u0131 yap\u0131lamaz, Kanuna ayk\u0131r\u0131 ve izinsiz olarak kopyalanamaz, ba\u015fka yerde yay\u0131nlanamaz.<\/p>\n","protected":false},"excerpt":{"rendered":"<p>\u0130\u00e7i\u015fleri Bakan\u0131 Ali Yerlikaya, son 2 haftada 29 ilde FET\u00d6&#8217;ye y\u00f6nelik d\u00fczenlenen operasyonlarda 63 \u015f\u00fcphelinin yakaland\u0131\u011f\u0131n\u0131 duyurdu.<\/p>\n","protected":false},"author":2,"featured_media":143,"comment_status":"open","ping_status":"open","sticky":false,"template":"","format":"standard","meta":{"footnotes":""},"categories":[8,3],"tags":[],"class_list":["post-144","post","type-post","status-publish","format-standard","has-post-thumbnail","hentry","category-arsiv","category-siyaset"],"_links":{"self":[{"href":"https:\/\/eskigazeteci.com\/index.php?rest_route=\/wp\/v2\/posts\/144","targetHints":{"allow":["GET"]}}],"collection":[{"href":"https:\/\/eskigazeteci.com\/index.php?rest_route=\/wp\/v2\/posts"}],"about":[{"href":"https:\/\/eskigazeteci.com\/index.php?rest_route=\/wp\/v2\/types\/post"}],"author":[{"embeddable":true,"href":"https:\/\/eskigazeteci.com\/index.php?rest_route=\/wp\/v2\/users\/2"}],"replies":[{"embeddable":true,"href":"https:\/\/eskigazeteci.com\/index.php?rest_route=%2Fwp%2Fv2%2Fcomments&post=144"}],"version-history":[{"count":0,"href":"https:\/\/eskigazeteci.com\/index.php?rest_route=\/wp\/v2\/posts\/144\/revisions"}],"wp:featuredmedia":[{"embeddable":true,"href":"https:\/\/eskigazeteci.com\/index.php?rest_route=\/wp\/v2\/media\/143"}],"wp:attachment":[{"href":"https:\/\/eskigazeteci.com\/index.php?rest_route=%2Fwp%2Fv2%2Fmedia&parent=144"}],"wp:term":[{"taxonomy":"category","embeddable":true,"href":"https:\/\/eskigazeteci.com\/index.php?rest_route=%2Fwp%2Fv2%2Fcategories&post=144"},{"taxonomy":"post_tag","embeddable":true,"href":"https:\/\/eskigazeteci.com\/index.php?rest_route=%2Fwp%2Fv2%2Ftags&post=144"}],"curies":[{"name":"wp","href":"https:\/\/api.w.org\/{rel}","templated":true}]}}