{"id":1437,"date":"2026-02-12T09:01:04","date_gmt":"2026-02-12T09:01:04","guid":{"rendered":"https:\/\/eskigazeteci.com\/?p=1437"},"modified":"2026-02-12T09:01:04","modified_gmt":"2026-02-12T09:01:04","slug":"sakaryaspor-sivasspor-gaziantep-fk-ve-amedsporda-oynamisti-bakan-yardimcisi-oldu-max-gradel-kimdir-nereli","status":"publish","type":"post","link":"https:\/\/eskigazeteci.com\/?p=1437","title":{"rendered":"Sakaryaspor, Sivasspor, Gaziantep FK ve Amedspor&#8217;da oynam\u0131\u015ft\u0131&#8230; Bakan Yard\u0131mc\u0131s\u0131 oldu.. Max Gradel kimdir, nereli?"},"content":{"rendered":"<p>Futbolu b\u0131rakt\u0131ktan sonra \u00fclkesi Fildi\u015fi Sahili&#x27;ne d\u00f6nen Max Gradel, daha \u00f6nce turizm el\u00e7isi olarak g\u00f6rev yapm\u0131\u015ft\u0131. Y\u00fcr\u00fctt\u00fc\u011f\u00fc ba\u015far\u0131l\u0131 projeler ile dikkat \u00e7eken Gradel, Fildi\u015fi Sahili Turizm Bakan Yard\u0131mc\u0131l\u0131\u011f\u0131 g\u00f6revine atand\u0131. Gradel&#x27;in yeni g\u00f6revinin Fildi\u015fi Sahili&#x27;nin turizm potansiyelini art\u0131rma hedefiyle ger\u00e7ekle\u015fti\u011fi ifade edildi.<\/p>\n<p>Futbolu b\u0131rakt\u0131ktan sonra \u00fclkesi Fildi\u015fi Sahili&#x27;ne d\u00f6nen Max Gradel, daha \u00f6nce turizm el\u00e7isi olarak g\u00f6rev yapm\u0131\u015ft\u0131. Y\u00fcr\u00fctt\u00fc\u011f\u00fc ba\u015far\u0131l\u0131 projeler ile dikkat \u00e7eken Gradel, Fildi\u015fi Sahili Turizm Bakan Yard\u0131mc\u0131l\u0131\u011f\u0131 g\u00f6revine atand\u0131.<\/p>\n<p>Gradel&#x27;in yeni g\u00f6revinin Fildi\u015fi Sahili&#x27;nin turizm potansiyelini art\u0131rma hedefiyle ger\u00e7ekle\u015fti\u011fi ifade edildi.<\/p>\n<p>Max-Alain Gradel, 30 Kas\u0131m 1987 do\u011fumlu Fildi\u015fi Sahilli profesyonel bir futbolcudur. Kariyerine \u0130ngiltere ve Fransa&#x27;da ba\u015flayan Gradel, yetene\u011fi ve h\u0131z\u0131yla dikkat \u00e7ekti. T\u00fcrkiye&#x27;de de \u00e7e\u015fitli tak\u0131mlarda forma giyen Gradel, \u00f6zellikle Sivasspor, Gaziantep FK, Sakaryaspor ve Amedspor&#x27;daki performanslar\u0131yla T\u00fcrk futbolseverlerin haf\u0131zas\u0131nda yer edindi.<\/p>\n<p>Gradel, uzun y\u0131llar Avrupa&#x27;n\u0131n \u00e7e\u015fitli liglerinde top ko\u015fturduktan sonra T\u00fcrkiye&#x27;ye geldi. Sivasspor, Gaziantep FK gibi S\u00fcper Lig ekiplerinde oynayan tecr\u00fcbeli&#8230;<\/p>\n","protected":false},"excerpt":{"rendered":"<p>Eski Sakaryaspor, Sivasspor, Gaziantep FK ve Amedspor futbolcusu Max Gradel, futbol kariyerini noktalad\u0131ktan sonra siyasete at\u0131larak Fildi\u015fi Sahili Turizm&#8230;<\/p>\n","protected":false},"author":2,"featured_media":1436,"comment_status":"open","ping_status":"open","sticky":false,"template":"","format":"standard","meta":{"footnotes":""},"categories":[8,5,7],"tags":[],"class_list":["post-1437","post","type-post","status-publish","format-standard","has-post-thumbnail","hentry","category-arsiv","category-son-dakika","category-spor"],"_links":{"self":[{"href":"https:\/\/eskigazeteci.com\/index.php?rest_route=\/wp\/v2\/posts\/1437","targetHints":{"allow":["GET"]}}],"collection":[{"href":"https:\/\/eskigazeteci.com\/index.php?rest_route=\/wp\/v2\/posts"}],"about":[{"href":"https:\/\/eskigazeteci.com\/index.php?rest_route=\/wp\/v2\/types\/post"}],"author":[{"embeddable":true,"href":"https:\/\/eskigazeteci.com\/index.php?rest_route=\/wp\/v2\/users\/2"}],"replies":[{"embeddable":true,"href":"https:\/\/eskigazeteci.com\/index.php?rest_route=%2Fwp%2Fv2%2Fcomments&post=1437"}],"version-history":[{"count":0,"href":"https:\/\/eskigazeteci.com\/index.php?rest_route=\/wp\/v2\/posts\/1437\/revisions"}],"wp:featuredmedia":[{"embeddable":true,"href":"https:\/\/eskigazeteci.com\/index.php?rest_route=\/wp\/v2\/media\/1436"}],"wp:attachment":[{"href":"https:\/\/eskigazeteci.com\/index.php?rest_route=%2Fwp%2Fv2%2Fmedia&parent=1437"}],"wp:term":[{"taxonomy":"category","embeddable":true,"href":"https:\/\/eskigazeteci.com\/index.php?rest_route=%2Fwp%2Fv2%2Fcategories&post=1437"},{"taxonomy":"post_tag","embeddable":true,"href":"https:\/\/eskigazeteci.com\/index.php?rest_route=%2Fwp%2Fv2%2Ftags&post=1437"}],"curies":[{"name":"wp","href":"https:\/\/api.w.org\/{rel}","templated":true}]}}