{"id":1435,"date":"2026-02-12T08:59:30","date_gmt":"2026-02-12T08:59:30","guid":{"rendered":"https:\/\/eskigazeteci.com\/?p=1435"},"modified":"2026-02-12T08:59:30","modified_gmt":"2026-02-12T08:59:30","slug":"eski-ve-yeni-sevgilinin-hesaplasmasinda-korkunc-son-ugruna-savasilan-kizin-mesaji-ortaya-cikti","status":"publish","type":"post","link":"https:\/\/eskigazeteci.com\/?p=1435","title":{"rendered":"Eski ve yeni sevgilinin hesapla\u015fmas\u0131nda korkun\u00e7 son! U\u011fruna &#8216;sava\u015f\u0131lan&#8217; k\u0131z\u0131n mesaj\u0131 ortaya \u00e7\u0131kt\u0131"},"content":{"rendered":"<p>Berat Caner C., do\u011fum g\u00fcnleri ayn\u0131 olan eski sevgilisi \u0130lknur G.&#x27;nin, yeni erkek arkada\u015f\u0131 Alperen K. ile bir kafede kutlama yapt\u0131\u011f\u0131n\u0131 \u00f6\u011frendi. Kafeye giden Berat Caner C., defalarca bar\u0131\u015fma teklifini reddeden \u0130lknur G.&#x27;yi konu\u015fmak i\u00e7in \u00e7a\u011f\u0131r\u0131nca Alperen K. ile aralar\u0131nda tart\u0131\u015fma \u00e7\u0131kt\u0131.<\/p>\n<p>\u00c7evredekilerin araya girmesiyle olay\u0131n b\u00fcy\u00fcmesi \u00f6nlenirken, Berat Caner C. ile Alperen K. bulu\u015fmak i\u00e7in anla\u015f\u0131p b\u00f6lgeden ayr\u0131ld\u0131. Berat Caner C., arkada\u015flar\u0131 Batuhan Kolsuz, Aykut A. (23), Mustafa A. (21) ve S\u00fcleyman \u015e.\u2019yi (24) yan\u0131na al\u0131p Alperen K. ile bulu\u015fmaya gitti.<\/p>\n<p>Alperen K. ise sevgilisi \u0130lknur G., kuzeni Necati K\u0131n\u0131\u015f (23) ve arkada\u015flar\u0131 Mert Ali P. (21), Muhammet A. (21), Tolga K. (23), Eren A. (23), Enes Emre K\u0131sac\u0131k (21) ile birlikte geldi. Seyhan il\u00e7esi Fevzipa\u015fa Mahallesi&#x27;ndeki hemzemin ge\u00e7itte 19 Eyl\u00fcl 2024&#x27;te bulu\u015fan taraflar aras\u0131nda kavga \u00e7\u0131kt\u0131. Bu s\u0131rada Batuhan Kolsuz, g\u00f6\u011fs\u00fcne ald\u0131\u011f\u0131 3 b\u0131\u00e7ak darbesiyle kanlar i\u00e7inde yere y\u0131\u011f\u0131ld\u0131. Alperen K. ve arkada\u015flar\u0131 ka\u00e7arken, 5 Ocak Devlet Hastanesi&#x27;nde ameliyata al\u0131nan Kolsuz, kurtar\u0131lamad\u0131.<\/p>\n<p>Olaya ili\u015fkin \u00e7al\u0131\u015fma ba\u015flatan Cinayet B\u00fcro Amirli\u011fi ekipleri, kavgaya kar\u0131\u015ft\u0131\u011f\u0131 belirlenen 12 \u015f\u00fcpheliyi adreslerine d\u00fczenlenen e\u015f zamanl\u0131&#8230;<\/p>\n","protected":false},"excerpt":{"rendered":"<p>Adana\u2019da k\u0131z meselesi nedeniyle \u00e7\u0131kan kavgada 8 b\u0131\u00e7ak darbesiyle hayat\u0131n\u0131 kaybeden Batuhan Kolsuz\u2019un (20) annesi Emine Kolsuz (52), tahliye edilen 3 san\u0131\u011f\u0131n&#8230;<\/p>\n","protected":false},"author":2,"featured_media":1434,"comment_status":"open","ping_status":"open","sticky":false,"template":"","format":"standard","meta":{"footnotes":""},"categories":[8,6,5],"tags":[],"class_list":["post-1435","post","type-post","status-publish","format-standard","has-post-thumbnail","hentry","category-arsiv","category-gundem","category-son-dakika"],"_links":{"self":[{"href":"https:\/\/eskigazeteci.com\/index.php?rest_route=\/wp\/v2\/posts\/1435","targetHints":{"allow":["GET"]}}],"collection":[{"href":"https:\/\/eskigazeteci.com\/index.php?rest_route=\/wp\/v2\/posts"}],"about":[{"href":"https:\/\/eskigazeteci.com\/index.php?rest_route=\/wp\/v2\/types\/post"}],"author":[{"embeddable":true,"href":"https:\/\/eskigazeteci.com\/index.php?rest_route=\/wp\/v2\/users\/2"}],"replies":[{"embeddable":true,"href":"https:\/\/eskigazeteci.com\/index.php?rest_route=%2Fwp%2Fv2%2Fcomments&post=1435"}],"version-history":[{"count":0,"href":"https:\/\/eskigazeteci.com\/index.php?rest_route=\/wp\/v2\/posts\/1435\/revisions"}],"wp:featuredmedia":[{"embeddable":true,"href":"https:\/\/eskigazeteci.com\/index.php?rest_route=\/wp\/v2\/media\/1434"}],"wp:attachment":[{"href":"https:\/\/eskigazeteci.com\/index.php?rest_route=%2Fwp%2Fv2%2Fmedia&parent=1435"}],"wp:term":[{"taxonomy":"category","embeddable":true,"href":"https:\/\/eskigazeteci.com\/index.php?rest_route=%2Fwp%2Fv2%2Fcategories&post=1435"},{"taxonomy":"post_tag","embeddable":true,"href":"https:\/\/eskigazeteci.com\/index.php?rest_route=%2Fwp%2Fv2%2Ftags&post=1435"}],"curies":[{"name":"wp","href":"https:\/\/api.w.org\/{rel}","templated":true}]}}