{"id":1433,"date":"2026-02-12T08:57:58","date_gmt":"2026-02-12T08:57:58","guid":{"rendered":"https:\/\/eskigazeteci.com\/?p=1433"},"modified":"2026-02-12T08:57:58","modified_gmt":"2026-02-12T08:57:58","slug":"turkiyenin-denizlerinde-5-yilda-103-bin-488-gocmen-kurtarildi","status":"publish","type":"post","link":"https:\/\/eskigazeteci.com\/?p=1433","title":{"rendered":"T\u00fcrkiye\u2019nin denizlerinde 5 y\u0131lda 103 bin 488 g\u00f6\u00e7men kurtar\u0131ld\u0131"},"content":{"rendered":"<p>Son y\u0131llarda Asya ile Afrika&#x27;daki ekonomik kriz ve sava\u015f gibi nedenlerden \u00fclkelerini terk edip daha iyi ya\u015fam umuduyla Avrupa\u2019ya g\u00f6\u00e7 etmek zorunda kalanlar\u0131n yolculuk yapt\u0131\u011f\u0131 T\u00fcrkiye denizlerinde, ge\u00e7en y\u0131l 255 arama kurtarma gerektiren yasa d\u0131\u015f\u0131 g\u00f6\u00e7men olay\u0131 ya\u015fand\u0131. T\u00fcrk denizlerinde ge\u00e7en y\u0131l 7 bin 215 g\u00f6\u00e7men kurtar\u0131ld\u0131, 60 ki\u015fi \u00f6l\u00fc bulundu, 2 ki\u015fi kayboldu.<\/p>\n<p>EN FAZLA OLAY 2015&#x27;TE<\/p>\n<p>T\u00fcrk denizlerinde arama kurtarma gerektiren yasa d\u0131\u015f\u0131 g\u00f6\u00e7men olay\u0131n\u0131n en fazla ya\u015fand\u0131\u011f\u0131 y\u0131l 2015 oldu. 2015&#x27;te 1540 yasa d\u0131\u015f\u0131 g\u00f6\u00e7men olay\u0131nda 58 bin 570 ki\u015fi kurtar\u0131ld\u0131, 263 g\u00f6\u00e7men \u00f6l\u00fc bulundu, 201 ki\u015fi kayboldu. 2020&#x27;de arama kurtarma gerektiren yasa d\u0131\u015f\u0131 g\u00f6\u00e7men olay\u0131 294&#x27;e d\u00fc\u015ft\u00fc. Bu olaylarda 9 bin 164 ki\u015fi kurtar\u0131ld\u0131, 45 ki\u015fi \u00f6l\u00fc bulundu, 2 ki\u015fi yaraland\u0131, 50 g\u00f6\u00e7men de kayboldu. T\u00fcrk denizlerinde 2021&#x27;de 18 bin 529, 2022&#x27;de 30 bin 437, 2023&#x27;te ise 23 bin 977, 2024&#x27;te ise 23 bin 330 g\u00f6\u00e7men kurtar\u0131ld\u0131. Ula\u015ft\u0131rma ve Altyap\u0131 Bakanl\u0131\u011f\u0131 verilerine g\u00f6re 2010-2014 y\u0131llar\u0131nda T\u00fcrk denizlerinde 207 bin 505 g\u00f6\u00e7men kurtar\u0131ld\u0131. Arama kurtarma gerektiren yasa d\u0131\u015f\u0131 g\u00f6\u00e7men olaylar\u0131nda 964 ki\u015fi \u00f6ld\u00fc, 514 ki\u015fi kay\u0131p olarak kay\u0131tlara ge\u00e7ti. T\u00fcrk denizlerinde arama kurtarma gerektiren yasa d\u0131\u015f\u0131 olay say\u0131s\u0131 2010&#x27;da&#8230;<\/p>\n","protected":false},"excerpt":{"rendered":"<p>Daha iyi ya\u015fam umuduyla Avrupa\u2019ya gitmek i\u00e7in yola \u00e7\u0131kanlar\u0131n rotas\u0131 \u00fczerindeki T\u00fcrk denizlerinde, 5 y\u0131lda 103 bin 488 g\u00f6\u00e7men kurtar\u0131ld\u0131. T\u00fcrk denizlerinde&#8230;<\/p>\n","protected":false},"author":2,"featured_media":1432,"comment_status":"open","ping_status":"open","sticky":false,"template":"","format":"standard","meta":{"footnotes":""},"categories":[8,6,5],"tags":[],"class_list":["post-1433","post","type-post","status-publish","format-standard","has-post-thumbnail","hentry","category-arsiv","category-gundem","category-son-dakika"],"_links":{"self":[{"href":"https:\/\/eskigazeteci.com\/index.php?rest_route=\/wp\/v2\/posts\/1433","targetHints":{"allow":["GET"]}}],"collection":[{"href":"https:\/\/eskigazeteci.com\/index.php?rest_route=\/wp\/v2\/posts"}],"about":[{"href":"https:\/\/eskigazeteci.com\/index.php?rest_route=\/wp\/v2\/types\/post"}],"author":[{"embeddable":true,"href":"https:\/\/eskigazeteci.com\/index.php?rest_route=\/wp\/v2\/users\/2"}],"replies":[{"embeddable":true,"href":"https:\/\/eskigazeteci.com\/index.php?rest_route=%2Fwp%2Fv2%2Fcomments&post=1433"}],"version-history":[{"count":0,"href":"https:\/\/eskigazeteci.com\/index.php?rest_route=\/wp\/v2\/posts\/1433\/revisions"}],"wp:featuredmedia":[{"embeddable":true,"href":"https:\/\/eskigazeteci.com\/index.php?rest_route=\/wp\/v2\/media\/1432"}],"wp:attachment":[{"href":"https:\/\/eskigazeteci.com\/index.php?rest_route=%2Fwp%2Fv2%2Fmedia&parent=1433"}],"wp:term":[{"taxonomy":"category","embeddable":true,"href":"https:\/\/eskigazeteci.com\/index.php?rest_route=%2Fwp%2Fv2%2Fcategories&post=1433"},{"taxonomy":"post_tag","embeddable":true,"href":"https:\/\/eskigazeteci.com\/index.php?rest_route=%2Fwp%2Fv2%2Ftags&post=1433"}],"curies":[{"name":"wp","href":"https:\/\/api.w.org\/{rel}","templated":true}]}}