{"id":1431,"date":"2026-02-12T08:56:27","date_gmt":"2026-02-12T08:56:27","guid":{"rendered":"https:\/\/eskigazeteci.com\/?p=1431"},"modified":"2026-02-12T08:56:27","modified_gmt":"2026-02-12T08:56:27","slug":"yuzundeki-dovmelerle-gundeme-gelmisti-iddialarin-odagindaki-burhan-kral-konustu-reyting-ugruna-bir-gencin-hayatiyla-oynuyorlar","status":"publish","type":"post","link":"https:\/\/eskigazeteci.com\/?p=1431","title":{"rendered":"Y\u00fcz\u00fcndeki d\u00f6vmelerle g\u00fcndeme gelmi\u015fti! \u0130ddialar\u0131n oda\u011f\u0131ndaki Burhan Kral konu\u015ftu: &#8216;Reyting u\u011fruna bir gencin hayat\u0131yla oynuyorlar&#8217;"},"content":{"rendered":"<p>Y\u00fcz\u00fcndeki d\u00f6vmeleri ve hayat hikayesiyle g\u00fcndeme gelen Nazan \u00dcnal&#x27;\u0131n, bir televizyon program\u0131nda kendisini evlilik vaadiyle kand\u0131r\u0131p evini satt\u0131rd\u0131\u011f\u0131 ve paras\u0131n\u0131 vermedi\u011fi y\u00f6n\u00fcndeki su\u00e7lamalar\u0131na, iddialar\u0131n oda\u011f\u0131ndaki isim Burhan Kral&#x27;dan yan\u0131t geldi.<\/p>\n<p>\u0130ddialar\u0131 kesin bir dille reddeden Kral, \u00dcnal ile aralar\u0131ndaki ili\u015fkinin tamamen ticari boyutta oldu\u011funu, herhangi bir duygusal ba\u011f veya evlilik vaadinin s\u00f6z konusu olmad\u0131\u011f\u0131n\u0131 savundu.<\/p>\n<p>Kral, &quot;Bu kad\u0131n\u0131n anlatt\u0131klar\u0131 yalan, \u00f6ncelikle bunu belirteyim. Biz bu kad\u0131nla sadece ticari anlamda tan\u0131\u015ft\u0131k. Bunun gibi bir \u00e7ok insanla ticaret yapt\u0131\u011f\u0131m\u0131z i\u00e7in tan\u0131\u015f\u0131yoruz. Bu kad\u0131n\u0131 da i\u015fimle ilgili oldu\u011fu i\u00e7in d\u0131\u015f g\u00f6r\u00fcn\u00fc\u015f\u00fcn\u00fc yarg\u0131lamad\u0131m. Kendisi ile bir ticaretimiz oldu bu do\u011fru. Ticaretimizde de herhangi bir alacak, verecek s\u00f6z konusu de\u011fil&quot; dedi. &quot;BEN YOKKEN \u0130\u015e YER\u0130NE GELD\u0130&quot;<\/p>\n<p>Burhan Kral, Nazan \u00dcnal&#x27;\u0131n kendisini tehdit etti\u011fini iddia ederek, &quot;\u0130\u015f yerime geldi, ailemle tehdit etti. Para talep etti. &#x27;Sana iftira ataca\u011f\u0131m, bana dairemle ilgili para \u00f6demedin&#x27; diyerek birka\u00e7 ayd\u0131r bana tehditlerde bulunuyordu. Bu tehditler nedeniyle ben kendisi i\u00e7in uzakla\u015ft\u0131rma karar\u0131 ald\u0131m. Hukuki s\u00fcre\u00e7ler ilerliyor. \u00d6deme noktas\u0131nda da benim elimde dekontlar&#8230;<\/p>\n","protected":false},"excerpt":{"rendered":"<p>D\u00fczce&#8217;de ticaretle u\u011fra\u015fan Burhan Kral, bir televizyon program\u0131na kat\u0131lan Nazan \u00dcnal&#8217;\u0131n kendisi hakk\u0131nda ortaya att\u0131\u011f\u0131 evlilik vaadiyle doland\u0131r\u0131c\u0131l\u0131k&#8230;<\/p>\n","protected":false},"author":2,"featured_media":1430,"comment_status":"open","ping_status":"open","sticky":false,"template":"","format":"standard","meta":{"footnotes":""},"categories":[8,6,5],"tags":[],"class_list":["post-1431","post","type-post","status-publish","format-standard","has-post-thumbnail","hentry","category-arsiv","category-gundem","category-son-dakika"],"_links":{"self":[{"href":"https:\/\/eskigazeteci.com\/index.php?rest_route=\/wp\/v2\/posts\/1431","targetHints":{"allow":["GET"]}}],"collection":[{"href":"https:\/\/eskigazeteci.com\/index.php?rest_route=\/wp\/v2\/posts"}],"about":[{"href":"https:\/\/eskigazeteci.com\/index.php?rest_route=\/wp\/v2\/types\/post"}],"author":[{"embeddable":true,"href":"https:\/\/eskigazeteci.com\/index.php?rest_route=\/wp\/v2\/users\/2"}],"replies":[{"embeddable":true,"href":"https:\/\/eskigazeteci.com\/index.php?rest_route=%2Fwp%2Fv2%2Fcomments&post=1431"}],"version-history":[{"count":0,"href":"https:\/\/eskigazeteci.com\/index.php?rest_route=\/wp\/v2\/posts\/1431\/revisions"}],"wp:featuredmedia":[{"embeddable":true,"href":"https:\/\/eskigazeteci.com\/index.php?rest_route=\/wp\/v2\/media\/1430"}],"wp:attachment":[{"href":"https:\/\/eskigazeteci.com\/index.php?rest_route=%2Fwp%2Fv2%2Fmedia&parent=1431"}],"wp:term":[{"taxonomy":"category","embeddable":true,"href":"https:\/\/eskigazeteci.com\/index.php?rest_route=%2Fwp%2Fv2%2Fcategories&post=1431"},{"taxonomy":"post_tag","embeddable":true,"href":"https:\/\/eskigazeteci.com\/index.php?rest_route=%2Fwp%2Fv2%2Ftags&post=1431"}],"curies":[{"name":"wp","href":"https:\/\/api.w.org\/{rel}","templated":true}]}}