{"id":1429,"date":"2026-02-12T08:54:55","date_gmt":"2026-02-12T08:54:55","guid":{"rendered":"https:\/\/eskigazeteci.com\/?p=1429"},"modified":"2026-02-12T08:54:55","modified_gmt":"2026-02-12T08:54:55","slug":"cumhurbaskani-erdogan-cografi-avantajlar-stratejik-bir-guce-donusmeli","status":"publish","type":"post","link":"https:\/\/eskigazeteci.com\/?p=1429","title":{"rendered":"Cumhurba\u015fkan\u0131 Erdo\u011fan: Co\u011frafi avantajlar stratejik bir g\u00fcce d\u00f6n\u00fc\u015fmeli"},"content":{"rendered":"<p>Cumhurba\u015fkan\u0131 Erdo\u011fan , \u0130\u0130T Ula\u015ft\u0131rma Bakanlar\u0131 Toplant\u0131s\u0131&#x27;na video mesaj g\u00f6nderdi. Erdo\u011fan mesaj\u0131nda, &quot;Co\u011frafi mesafelerin \u00f6nemini yitirdi\u011fi fakat stratejik ba\u011flant\u0131lar\u0131n ge\u00e7mi\u015fte hi\u00e7 olmad\u0131\u011f\u0131 kadar de\u011fer kazand\u0131\u011f\u0131 bir s\u00fcre\u00e7ten ge\u00e7iyoruz. \u0130slam \u0130\u015fbirli\u011fi Te\u015fkilat\u0131&#x27;n\u0131n ula\u015ft\u0131rma konulu ilk konferans\u0131 yakla\u015f\u0131k 40 sene \u00f6nce ger\u00e7ekle\u015ftirildi. Bu s\u00fcre\u00e7te d\u00fcnya ekonomisi, ticaret yollar\u0131, \u00fcretim merkezleri ve ula\u015ft\u0131rma teknolojileri de k\u00f6kl\u00fc bir d\u00f6n\u00fc\u015f\u00fcme u\u011frad\u0131. Ula\u015ft\u0131rma, mallar\u0131n ve insanlar\u0131n hareketlili\u011fini sa\u011flaman\u0131n \u00f6tesinde kalk\u0131nman\u0131n, rekabet g\u00fcc\u00fcn\u00fcn ve b\u00f6lgesel entegrasyonun temel unsurlar\u0131ndan biri haline geldi. Asya&#x27;dan Afrika&#x27;ya, Avrupa&#x27;dan Orta Do\u011fu&#x27;ya uzanan \u0130slam d\u00fcnyas\u0131, bu muazzam co\u011frafyada do\u011fal koridorlara, dinamik ve gen\u00e7 n\u00fcfusa, h\u0131zla b\u00fcy\u00fcyen pazarlara h\u00fckmetmektedir. Ancak bu b\u00fcy\u00fck potansiyeli tam anlam\u0131yla hayata ge\u00e7irebilmek ve co\u011frafi avantajlar\u0131 stratejik bir g\u00fcce d\u00f6n\u00fc\u015ft\u00fcrmek i\u00e7in etkin, g\u00fcvenilir ve b\u00fct\u00fcnle\u015fmi\u015f ula\u015ft\u0131rma a\u011flar\u0131na ihtiya\u00e7 vard\u0131r. Bizler, kara yollar\u0131m\u0131z, demir yollar\u0131m\u0131z, limanlar\u0131m\u0131z ve havalimanlar\u0131m\u0131z aras\u0131nda tesis edilecek g\u00fc\u00e7l\u00fc ba\u011flant\u0131lar\u0131n yaln\u0131zca aram\u0131zdaki ticareti de\u011fil, sosyal ve k\u00fclt\u00fcrel etkile\u015fimi de art\u0131raca\u011f\u0131na inan\u0131yoruz&quot;&#8230;<\/p>\n","protected":false},"excerpt":{"rendered":"<p>Cumhurba\u015fkan\u0131 Recep Tayyip Erdo\u011fan, \u0130slam \u0130\u015fbirli\u011fi Te\u015fkilat\u0131 (\u0130\u0130T) Ula\u015ft\u0131rma Bakanlar\u0131 Toplant\u0131s\u0131&#8217;na g\u00f6nderdi\u011fi video mesajda Asya&#8217;dan Afrika&#8217;ya,&#8230;<\/p>\n","protected":false},"author":2,"featured_media":1428,"comment_status":"open","ping_status":"open","sticky":false,"template":"","format":"standard","meta":{"footnotes":""},"categories":[8,6,5],"tags":[],"class_list":["post-1429","post","type-post","status-publish","format-standard","has-post-thumbnail","hentry","category-arsiv","category-gundem","category-son-dakika"],"_links":{"self":[{"href":"https:\/\/eskigazeteci.com\/index.php?rest_route=\/wp\/v2\/posts\/1429","targetHints":{"allow":["GET"]}}],"collection":[{"href":"https:\/\/eskigazeteci.com\/index.php?rest_route=\/wp\/v2\/posts"}],"about":[{"href":"https:\/\/eskigazeteci.com\/index.php?rest_route=\/wp\/v2\/types\/post"}],"author":[{"embeddable":true,"href":"https:\/\/eskigazeteci.com\/index.php?rest_route=\/wp\/v2\/users\/2"}],"replies":[{"embeddable":true,"href":"https:\/\/eskigazeteci.com\/index.php?rest_route=%2Fwp%2Fv2%2Fcomments&post=1429"}],"version-history":[{"count":0,"href":"https:\/\/eskigazeteci.com\/index.php?rest_route=\/wp\/v2\/posts\/1429\/revisions"}],"wp:featuredmedia":[{"embeddable":true,"href":"https:\/\/eskigazeteci.com\/index.php?rest_route=\/wp\/v2\/media\/1428"}],"wp:attachment":[{"href":"https:\/\/eskigazeteci.com\/index.php?rest_route=%2Fwp%2Fv2%2Fmedia&parent=1429"}],"wp:term":[{"taxonomy":"category","embeddable":true,"href":"https:\/\/eskigazeteci.com\/index.php?rest_route=%2Fwp%2Fv2%2Fcategories&post=1429"},{"taxonomy":"post_tag","embeddable":true,"href":"https:\/\/eskigazeteci.com\/index.php?rest_route=%2Fwp%2Fv2%2Ftags&post=1429"}],"curies":[{"name":"wp","href":"https:\/\/api.w.org\/{rel}","templated":true}]}}