{"id":1427,"date":"2026-02-12T08:53:23","date_gmt":"2026-02-12T08:53:23","guid":{"rendered":"https:\/\/eskigazeteci.com\/?p=1427"},"modified":"2026-02-12T08:53:23","modified_gmt":"2026-02-12T08:53:23","slug":"buyukcekmecede-is-yerini-molotofkokteyli-atan-3-kisi-tutuklandi","status":"publish","type":"post","link":"https:\/\/eskigazeteci.com\/?p=1427","title":{"rendered":"B\u00fcy\u00fck\u00e7ekmece&#8217;de i\u015f yerini molotofkokteyli atan 3 ki\u015fi tutukland\u0131"},"content":{"rendered":"<p>Olay, 29 Ocak&#x27;ta B\u00fcy\u00fck\u00e7ekmece Ekinoba Mahallesi Fevzi \u00c7akmak Caddesi&#x27;nde meydana geldi. \u0130ddiaya g\u00f6re, bir s\u00fcre i\u015f yeri \u00f6n\u00fcnde bekleyen \u015f\u00fcpheliler, haz\u0131rlad\u0131klar\u0131 molotofkokteylini ate\u015fleyerek i\u015f yerine f\u0131rlatt\u0131. Sald\u0131r\u0131 an\u0131 g\u00fcvenlik kameralar\u0131 taraf\u0131ndan saniye saniye kaydedildi.<\/p>\n<p>Olay\u0131n ard\u0131ndan \u015f\u00fcphelilerin h\u0131zla uzakla\u015ft\u0131klar\u0131 g\u00f6r\u00fcld\u00fc. Sald\u0131r\u0131 sonucu i\u015f yerinin kepenk k\u0131sm\u0131nda hasar olu\u015ftu. B\u00fcy\u00fck\u00e7ekmece \u0130l\u00e7e Emniyet M\u00fcd\u00fcrl\u00fc\u011f\u00fc&#x27;ne ba\u011fl\u0131 Gasp B\u00fcro Amirli\u011fi ekipleri, g\u00fcvenlik kameras\u0131 g\u00f6r\u00fcnt\u00fclerini inceleyerek \u015f\u00fcphelilerin kimliklerini tespit etti. Yap\u0131lan \u00e7al\u0131\u015fmalarda \u00d6.F.E. (23), Y.Y. (23) ile B.U.T. (17) g\u00f6zalt\u0131na al\u0131nd\u0131. \u015e\u00fcphelilerin adreslerinde yap\u0131lan aramalarda bir miktar uyu\u015fturucu hap ele ge\u00e7irildi.<\/p>\n<p>&quot;SEN\u0130 KA\u00c7 G\u00dcN DAHA KORUYACAKLAR&quot;<\/p>\n<p>Soru\u015fturma kapsam\u0131nda \u015f\u00fcphelilerin, ba\u015fka bir i\u015f yeri sahibine &quot;Seni ka\u00e7 g\u00fcn daha koruyacaklar&quot; ifadelerinin yer ald\u0131\u011f\u0131 bir video g\u00f6ndererek tehditte bulunduklar\u0131 da belirlendi.<\/p>\n<p>Emniyetteki i\u015flemlerinin ard\u0131ndan \u00d6.F.E. ve Y.Y. Asayi\u015f \u015eube M\u00fcd\u00fcrl\u00fc\u011f\u00fc&#x27;nden, ya\u015f\u0131 k\u00fc\u00e7\u00fck \u015f\u00fcpheli B.U.T. ise \u00c7ocuk \u015eube M\u00fcd\u00fcrl\u00fc\u011f\u00fc&#x27;nden adliyeye sevk edildi. \u015e\u00fcpheliler \u00e7\u0131kar\u0131ld\u0131klar\u0131 mahkemece tutuklanarak cezaevine g\u00f6nderildi.<\/p>\n<p>T\u00fcrkiye g\u00fcndeminden son dakika&#8230;<\/p>\n","protected":false},"excerpt":{"rendered":"<p>\u0130stanbul B\u00fcy\u00fck\u00e7ekmece&#8217;de bir i\u015f yerine molotofkokteyli atarak kundaklama giri\u015fiminde bulunan, ayr\u0131ca ba\u015fka bir i\u015f yeri sahibini g\u00f6nderdikleri video ile&#8230;<\/p>\n","protected":false},"author":2,"featured_media":1426,"comment_status":"open","ping_status":"open","sticky":false,"template":"","format":"standard","meta":{"footnotes":""},"categories":[8,6,5],"tags":[],"class_list":["post-1427","post","type-post","status-publish","format-standard","has-post-thumbnail","hentry","category-arsiv","category-gundem","category-son-dakika"],"_links":{"self":[{"href":"https:\/\/eskigazeteci.com\/index.php?rest_route=\/wp\/v2\/posts\/1427","targetHints":{"allow":["GET"]}}],"collection":[{"href":"https:\/\/eskigazeteci.com\/index.php?rest_route=\/wp\/v2\/posts"}],"about":[{"href":"https:\/\/eskigazeteci.com\/index.php?rest_route=\/wp\/v2\/types\/post"}],"author":[{"embeddable":true,"href":"https:\/\/eskigazeteci.com\/index.php?rest_route=\/wp\/v2\/users\/2"}],"replies":[{"embeddable":true,"href":"https:\/\/eskigazeteci.com\/index.php?rest_route=%2Fwp%2Fv2%2Fcomments&post=1427"}],"version-history":[{"count":0,"href":"https:\/\/eskigazeteci.com\/index.php?rest_route=\/wp\/v2\/posts\/1427\/revisions"}],"wp:featuredmedia":[{"embeddable":true,"href":"https:\/\/eskigazeteci.com\/index.php?rest_route=\/wp\/v2\/media\/1426"}],"wp:attachment":[{"href":"https:\/\/eskigazeteci.com\/index.php?rest_route=%2Fwp%2Fv2%2Fmedia&parent=1427"}],"wp:term":[{"taxonomy":"category","embeddable":true,"href":"https:\/\/eskigazeteci.com\/index.php?rest_route=%2Fwp%2Fv2%2Fcategories&post=1427"},{"taxonomy":"post_tag","embeddable":true,"href":"https:\/\/eskigazeteci.com\/index.php?rest_route=%2Fwp%2Fv2%2Ftags&post=1427"}],"curies":[{"name":"wp","href":"https:\/\/api.w.org\/{rel}","templated":true}]}}