{"id":1425,"date":"2026-02-12T08:51:52","date_gmt":"2026-02-12T08:51:52","guid":{"rendered":"https:\/\/eskigazeteci.com\/?p=1425"},"modified":"2026-02-12T08:51:52","modified_gmt":"2026-02-12T08:51:52","slug":"guney-korede-yolsuzluk-davasi-eski-bakana-7-yil-hapis","status":"publish","type":"post","link":"https:\/\/eskigazeteci.com\/?p=1425","title":{"rendered":"G\u00fcney Kore&#8217;de yolsuzluk davas\u0131: Eski bakana 7 y\u0131l hapis"},"content":{"rendered":"<p>Yonhap ajans\u0131n\u0131n haberine g\u00f6re, Seul Merkez B\u00f6lge Mahkemesinde g\u00f6r\u00fclen duru\u015fmada, eski \u0130\u00e7i\u015fleri Bakan\u0131 Lee hakk\u0131nda verilen karar a\u00e7\u0131kland\u0131.<\/p>\n<p>Eski Devlet Ba\u015fkan\u0131 Yoon Suk Yeol&#x27;\u00fcn Aral\u0131k 2024&#x27;teki s\u0131k\u0131y\u00f6netim giri\u015fiminde &quot;kilit rol \u00fcstlenmekten&quot; su\u00e7lu bulunan Lee, 7 y\u0131l hapse mahkum edildi.<\/p>\n<p>Eski \u0130\u00e7i\u015fleri Bakan\u0131 Lee&#x27;nin eski Devlet Ba\u015fkan\u0131 Yoon Suk Yeol&#x27;\u00fcn Aral\u0131k 2024&#x27;teki s\u0131k\u0131y\u00f6netim giri\u015fimine ili\u015fkin g\u00f6r\u00fclen davada 15 y\u0131l hapsi istenmi\u015fti.<\/p>\n<p>YOON&#x27;UN AZ\u0130L S\u00dcREC\u0130<\/p>\n<p>D\u00f6nemin Devlet Ba\u015fkan\u0131 Yoon Suk Yeol , 3 Aral\u0131k 2024&#x27;te &quot;muhalefetin devlet kar\u015f\u0131t\u0131 aktivitelere kar\u0131\u015ft\u0131\u011f\u0131&quot; gerek\u00e7esiyle s\u0131k\u0131y\u00f6netim ilan etmi\u015f, Ulusal Meclisin bu karar\u0131 kald\u0131rmas\u0131 \u00fczerine geri ad\u0131m atmak zorunda kalm\u0131\u015ft\u0131.<\/p>\n<p>Ulusal Meclisin 14 Aral\u0131k 2024&#x27;te yapt\u0131\u011f\u0131 oylamada azli istenen Yoon, ge\u00e7ici olarak g\u00f6revden uzakla\u015ft\u0131r\u0131lm\u0131\u015ft\u0131.<\/p>\n<p>Anayasa Mahkemesi, 4 Nisan 2025&#x27;te verdi\u011fi kararda, Ulusal Meclisin azil istemini kabul ederek Yoon&#x27;un g\u00f6revden al\u0131nmas\u0131n\u0131 onaylam\u0131\u015ft\u0131.<\/p>\n<p>Yoon&#x27;un g\u00f6revden azledilmesinin ard\u0131ndan yap\u0131lan se\u00e7imi kazanan ana muhalefetteki Demokratik Partinin (DP) aday\u0131 Lee Jae-myung, 4 Haziran 2025&#x27;te Mecliste yemin ederek resmen g\u00f6revine ba\u015flam\u0131\u015ft\u0131.<\/p>\n<p>Yurtd\u0131\u015f\u0131nda ya\u015fanan en son olaylar, d\u00fcnya g\u00fcndemine oturan&#8230;<\/p>\n","protected":false},"excerpt":{"rendered":"<p>G\u00fcney Kore&#8217;de s\u0131k\u0131y\u00f6netim giri\u015fimine ili\u015fkin g\u00f6r\u00fclen davada eski \u0130\u00e7i\u015fleri Bakan\u0131 Lee Sang-min&#8217;e 7 y\u0131l hapis cezas\u0131na \u00e7arpt\u0131r\u0131ld\u0131.<\/p>\n","protected":false},"author":2,"featured_media":1424,"comment_status":"open","ping_status":"open","sticky":false,"template":"","format":"standard","meta":{"footnotes":""},"categories":[8,6,5],"tags":[],"class_list":["post-1425","post","type-post","status-publish","format-standard","has-post-thumbnail","hentry","category-arsiv","category-gundem","category-son-dakika"],"_links":{"self":[{"href":"https:\/\/eskigazeteci.com\/index.php?rest_route=\/wp\/v2\/posts\/1425","targetHints":{"allow":["GET"]}}],"collection":[{"href":"https:\/\/eskigazeteci.com\/index.php?rest_route=\/wp\/v2\/posts"}],"about":[{"href":"https:\/\/eskigazeteci.com\/index.php?rest_route=\/wp\/v2\/types\/post"}],"author":[{"embeddable":true,"href":"https:\/\/eskigazeteci.com\/index.php?rest_route=\/wp\/v2\/users\/2"}],"replies":[{"embeddable":true,"href":"https:\/\/eskigazeteci.com\/index.php?rest_route=%2Fwp%2Fv2%2Fcomments&post=1425"}],"version-history":[{"count":0,"href":"https:\/\/eskigazeteci.com\/index.php?rest_route=\/wp\/v2\/posts\/1425\/revisions"}],"wp:featuredmedia":[{"embeddable":true,"href":"https:\/\/eskigazeteci.com\/index.php?rest_route=\/wp\/v2\/media\/1424"}],"wp:attachment":[{"href":"https:\/\/eskigazeteci.com\/index.php?rest_route=%2Fwp%2Fv2%2Fmedia&parent=1425"}],"wp:term":[{"taxonomy":"category","embeddable":true,"href":"https:\/\/eskigazeteci.com\/index.php?rest_route=%2Fwp%2Fv2%2Fcategories&post=1425"},{"taxonomy":"post_tag","embeddable":true,"href":"https:\/\/eskigazeteci.com\/index.php?rest_route=%2Fwp%2Fv2%2Ftags&post=1425"}],"curies":[{"name":"wp","href":"https:\/\/api.w.org\/{rel}","templated":true}]}}